{"id":10787,"date":"2020-11-16T18:48:12","date_gmt":"2020-11-16T18:48:12","guid":{"rendered":"https:\/\/oparanews.com.br\/?p=10787"},"modified":"2020-11-16T18:48:12","modified_gmt":"2020-11-16T18:48:12","slug":"cuca-recebe-alta-do-hospital-apos-internacao-por-covid-19","status":"publish","type":"post","link":"https:\/\/www.oparanews.com.br\/index.php\/2020\/11\/16\/cuca-recebe-alta-do-hospital-apos-internacao-por-covid-19\/","title":{"rendered":"Cuca recebe alta do hospital ap\u00f3s interna\u00e7\u00e3o por Covid-19"},"content":{"rendered":"<p>O t\u00e9cnico Cuca, do Santos, recebeu alta do Hospital S\u00edrio-Liban\u00eas nesta segunda-feira. O treinador, de 57 anos, estava internado desde o dia 7 de novembro ap\u00f3s contrair Covid-19.<\/p>\n<p>De acordo com boletim m\u00e9dico divulgado pelo hospital, Cuca, agora, seguir\u00e1 o tratamento em casa, com indica\u00e7\u00e3o de mais dez dias de repouso &#8211; ele \u00e9 cardiopata, o que aumenta a precau\u00e7\u00e3o do clube sobre o estado de sa\u00fade.<\/p>\n<p>Com isso, o t\u00e9cnico deve perder os jogos contra o Athletico, no pr\u00f3ximo s\u00e1bado, pelo Campeonato Brasileiro, e contra a LDU, na ter\u00e7a-feira, pelas oitavas de final da Libertadores. A prov\u00e1vel volta do treinador ao comando do Peixe dever\u00e1 ocorrer somente no dia 28, no jogo contra o Sport, na Vila Belmiro.<\/p>\n<p>O t\u00e9cnico \u00e9 um dos v\u00e1rios casos de Covid-19 no Santos, que passa por surto do v\u00edrus nesta semana \u2013 11 jogadores do elenco testaram positivo, al\u00e9m de outros membros da comiss\u00e3o t\u00e9cnica.<\/p>\n<p>No s\u00e1bado, foi a vez de Omar Feitosa, que comandaria o time junto com Marcelo Fernandes na partida contra o Inter, ser diagnosticado com o v\u00edrus.<\/p>\n<p>&nbsp;<\/p>\n<p><strong>Fonte: GE<\/strong><\/p>\n<p>&nbsp;<\/p>\n","protected":false},"excerpt":{"rendered":"<p>O t\u00e9cnico Cuca, do Santos, recebeu alta do Hospital S\u00edrio-Liban\u00eas nesta segunda-feira. O treinador, de 57 anos, estava internado desde o dia 7 de novembro ap\u00f3s contrair Covid-19. De acordo com boletim m\u00e9dico divulgado pelo hospital, Cuca, agora, seguir\u00e1 o tratamento em casa, com indica\u00e7\u00e3o de mais dez dias de repouso &#8211; ele \u00e9 cardiopata, &hellip;<\/p>\n","protected":false},"author":1,"featured_media":10788,"comment_status":"open","ping_status":"open","sticky":false,"template":"","format":"standard","meta":{"_jetpack_newsletter_access":"","_jetpack_dont_email_post_to_subs":false,"_jetpack_newsletter_tier_id":0,"_jetpack_memberships_contains_paywalled_content":false,"_jetpack_memberships_contains_paid_content":false,"footnotes":""},"categories":[1],"tags":[],"class_list":["post-10787","post","type-post","status-publish","format-standard","has-post-thumbnail","hentry","category-destaque"],"jetpack_sharing_enabled":true,"jetpack_featured_media_url":"","_links":{"self":[{"href":"https:\/\/www.oparanews.com.br\/index.php\/wp-json\/wp\/v2\/posts\/10787","targetHints":{"allow":["GET"]}}],"collection":[{"href":"https:\/\/www.oparanews.com.br\/index.php\/wp-json\/wp\/v2\/posts"}],"about":[{"href":"https:\/\/www.oparanews.com.br\/index.php\/wp-json\/wp\/v2\/types\/post"}],"author":[{"embeddable":true,"href":"https:\/\/www.oparanews.com.br\/index.php\/wp-json\/wp\/v2\/users\/1"}],"replies":[{"embeddable":true,"href":"https:\/\/www.oparanews.com.br\/index.php\/wp-json\/wp\/v2\/comments?post=10787"}],"version-history":[{"count":0,"href":"https:\/\/www.oparanews.com.br\/index.php\/wp-json\/wp\/v2\/posts\/10787\/revisions"}],"wp:attachment":[{"href":"https:\/\/www.oparanews.com.br\/index.php\/wp-json\/wp\/v2\/media?parent=10787"}],"wp:term":[{"taxonomy":"category","embeddable":true,"href":"https:\/\/www.oparanews.com.br\/index.php\/wp-json\/wp\/v2\/categories?post=10787"},{"taxonomy":"post_tag","embeddable":true,"href":"https:\/\/www.oparanews.com.br\/index.php\/wp-json\/wp\/v2\/tags?post=10787"}],"curies":[{"name":"wp","href":"https:\/\/api.w.org\/{rel}","templated":true}]}}