{"id":10801,"date":"2020-11-17T17:59:47","date_gmt":"2020-11-17T17:59:47","guid":{"rendered":"https:\/\/oparanews.com.br\/?p=10801"},"modified":"2020-11-17T17:59:47","modified_gmt":"2020-11-17T17:59:47","slug":"homem-e-preso-suspeito-de-homicidio-no-interior-de-alagoas","status":"publish","type":"post","link":"https:\/\/www.oparanews.com.br\/index.php\/2020\/11\/17\/homem-e-preso-suspeito-de-homicidio-no-interior-de-alagoas\/","title":{"rendered":"Homem \u00e9 preso suspeito de homic\u00eddio no interior de Alagoas"},"content":{"rendered":"<p>Um homem de 27 anos foi preso em Arapiraca suspeito de assassinar um suposto traficante. Segundo a Pol\u00edcia Civil, o assassinato aconteceu em Palmeira dos \u00cdndios ap\u00f3s discuss\u00e3o por d\u00edvida de droga. A informa\u00e7\u00e3o foi divulgada nesta ter\u00e7a-feira (17).<\/p>\n<p>A pol\u00edcia conta que no dia do crime, ap\u00f3s a discuss\u00e3o, os dois homens chegaram a trocar tiros. A v\u00edtima morreu na hora, j\u00e1 o autor do crime foi baleado e socorrido para o Hospital de Emerg\u00eancia do Agreste.<\/p>\n<p>Durante interrogat\u00f3rio, o suspeito disse aos policiais que era amigo da v\u00edtima. No entanto, a vers\u00e3o foi desmentida por testemunhas, que contaram \u00e0 pol\u00edcia que os dois homens eram traficantes conhecidos da regi\u00e3o e que a briga tinha sido por causa de uma d\u00edvida de R$ 3 mil.<\/p>\n<p>Agentes de intelig\u00eancia da 5\u00aa DRP de Palmeira dos \u00cdndios, da Ger\u00eancia de Pol\u00edcia Judici\u00e1ria da Regi\u00e3o 3 (GPJ-3) e militares do 10\u00ba Batalh\u00e3o de Pol\u00edcia Militar (BPM) participaram da opera\u00e7\u00e3o.<\/p>\n<p>&nbsp;<\/p>\n<p><strong>Fonte: G1\/AL<\/strong><\/p>\n<p>&nbsp;<\/p>\n","protected":false},"excerpt":{"rendered":"<p>Um homem de 27 anos foi preso em Arapiraca suspeito de assassinar um suposto traficante. Segundo a Pol\u00edcia Civil, o assassinato aconteceu em Palmeira dos \u00cdndios ap\u00f3s discuss\u00e3o por d\u00edvida de droga. A informa\u00e7\u00e3o foi divulgada nesta ter\u00e7a-feira (17). A pol\u00edcia conta que no dia do crime, ap\u00f3s a discuss\u00e3o, os dois homens chegaram a &hellip;<\/p>\n","protected":false},"author":1,"featured_media":10802,"comment_status":"open","ping_status":"open","sticky":false,"template":"","format":"standard","meta":{"_jetpack_newsletter_access":"","_jetpack_dont_email_post_to_subs":false,"_jetpack_newsletter_tier_id":0,"_jetpack_memberships_contains_paywalled_content":false,"_jetpack_memberships_contains_paid_content":false,"footnotes":""},"categories":[1],"tags":[],"class_list":["post-10801","post","type-post","status-publish","format-standard","has-post-thumbnail","hentry","category-destaque"],"jetpack_sharing_enabled":true,"jetpack_featured_media_url":"","_links":{"self":[{"href":"https:\/\/www.oparanews.com.br\/index.php\/wp-json\/wp\/v2\/posts\/10801","targetHints":{"allow":["GET"]}}],"collection":[{"href":"https:\/\/www.oparanews.com.br\/index.php\/wp-json\/wp\/v2\/posts"}],"about":[{"href":"https:\/\/www.oparanews.com.br\/index.php\/wp-json\/wp\/v2\/types\/post"}],"author":[{"embeddable":true,"href":"https:\/\/www.oparanews.com.br\/index.php\/wp-json\/wp\/v2\/users\/1"}],"replies":[{"embeddable":true,"href":"https:\/\/www.oparanews.com.br\/index.php\/wp-json\/wp\/v2\/comments?post=10801"}],"version-history":[{"count":0,"href":"https:\/\/www.oparanews.com.br\/index.php\/wp-json\/wp\/v2\/posts\/10801\/revisions"}],"wp:attachment":[{"href":"https:\/\/www.oparanews.com.br\/index.php\/wp-json\/wp\/v2\/media?parent=10801"}],"wp:term":[{"taxonomy":"category","embeddable":true,"href":"https:\/\/www.oparanews.com.br\/index.php\/wp-json\/wp\/v2\/categories?post=10801"},{"taxonomy":"post_tag","embeddable":true,"href":"https:\/\/www.oparanews.com.br\/index.php\/wp-json\/wp\/v2\/tags?post=10801"}],"curies":[{"name":"wp","href":"https:\/\/api.w.org\/{rel}","templated":true}]}}