{"id":10804,"date":"2020-11-17T18:06:28","date_gmt":"2020-11-17T18:06:28","guid":{"rendered":"https:\/\/oparanews.com.br\/?p=10804"},"modified":"2020-11-17T18:06:28","modified_gmt":"2020-11-17T18:06:28","slug":"gabigol-nao-se-recupera-e-se-torna-mais-um-desfalque-do-fla","status":"publish","type":"post","link":"https:\/\/www.oparanews.com.br\/index.php\/2020\/11\/17\/gabigol-nao-se-recupera-e-se-torna-mais-um-desfalque-do-fla\/","title":{"rendered":"Gabigol n\u00e3o se recupera e se torna mais um desfalque do Fla"},"content":{"rendered":"<p>O Flamengo ganhou mais um problema para o duelo decisivo contra o S\u00e3o Paulo, nesta quarta-feira, pela Copa do Brasil. Gabigol n\u00e3o se recuperou de um problema muscular na coxa direita e desfalca o Rubro-Negro no Morumbi. A informa\u00e7\u00e3o \u00e9 do site &#8216;Coluna do Flamengo&#8217;.<\/p>\n<p>Gabriel se queixou de dores na coxa ap\u00f3s o empate do Flamengo com o Atl\u00e9tico-GO e iniciou um tratamento para tentar se recuperar para a partida contra o time paulista. Entretanto, ap\u00f3s ser reavaliado no CT Ninho do Urubu, o atacante foi vetado pela departamento m\u00e9dico do clube.<\/p>\n<p>Al\u00e9m dele, o Flamengo n\u00e3o poder\u00e1 contar com Rodrigo Caio, Filipe Lu\u00eds, Thiago Maia, Diego Ribas e Pedro, que ainda se recuperam de les\u00f5es. Os convocados Everton Ribeiro e Isla entram em campo nesta ter\u00e7a-feira por suas sele\u00e7\u00f5es e tamb\u00e9m devem desfalcar o clube carioca.<\/p>\n<p>Flamengo e S\u00e3o Paulo se enfrentam quarta-feira, \u00e0s 21h30, no Morumbi, pelas quartas de final da Copa do Brasil. O Tricolor venceu a partida de ida por 2 a 1 no Maracan\u00e3 e t\u00eam a vantagem do empate. Caso o Rubro- Negro ven\u00e7a por um gol de diferen\u00e7a, leva a decis\u00e3o para os p\u00eanaltis.<\/p>\n<p>&nbsp;<\/p>\n<p><strong>Fonte: LANCE!<\/strong><\/p>\n<p>&nbsp;<\/p>\n","protected":false},"excerpt":{"rendered":"<p>O Flamengo ganhou mais um problema para o duelo decisivo contra o S\u00e3o Paulo, nesta quarta-feira, pela Copa do Brasil. Gabigol n\u00e3o se recuperou de um problema muscular na coxa direita e desfalca o Rubro-Negro no Morumbi. A informa\u00e7\u00e3o \u00e9 do site &#8216;Coluna do Flamengo&#8217;. Gabriel se queixou de dores na coxa ap\u00f3s o empate &hellip;<\/p>\n","protected":false},"author":1,"featured_media":10805,"comment_status":"open","ping_status":"open","sticky":false,"template":"","format":"standard","meta":{"_jetpack_newsletter_access":"","_jetpack_dont_email_post_to_subs":false,"_jetpack_newsletter_tier_id":0,"_jetpack_memberships_contains_paywalled_content":false,"_jetpack_memberships_contains_paid_content":false,"footnotes":""},"categories":[1],"tags":[],"class_list":["post-10804","post","type-post","status-publish","format-standard","has-post-thumbnail","hentry","category-destaque"],"jetpack_sharing_enabled":true,"jetpack_featured_media_url":"","_links":{"self":[{"href":"https:\/\/www.oparanews.com.br\/index.php\/wp-json\/wp\/v2\/posts\/10804","targetHints":{"allow":["GET"]}}],"collection":[{"href":"https:\/\/www.oparanews.com.br\/index.php\/wp-json\/wp\/v2\/posts"}],"about":[{"href":"https:\/\/www.oparanews.com.br\/index.php\/wp-json\/wp\/v2\/types\/post"}],"author":[{"embeddable":true,"href":"https:\/\/www.oparanews.com.br\/index.php\/wp-json\/wp\/v2\/users\/1"}],"replies":[{"embeddable":true,"href":"https:\/\/www.oparanews.com.br\/index.php\/wp-json\/wp\/v2\/comments?post=10804"}],"version-history":[{"count":0,"href":"https:\/\/www.oparanews.com.br\/index.php\/wp-json\/wp\/v2\/posts\/10804\/revisions"}],"wp:attachment":[{"href":"https:\/\/www.oparanews.com.br\/index.php\/wp-json\/wp\/v2\/media?parent=10804"}],"wp:term":[{"taxonomy":"category","embeddable":true,"href":"https:\/\/www.oparanews.com.br\/index.php\/wp-json\/wp\/v2\/categories?post=10804"},{"taxonomy":"post_tag","embeddable":true,"href":"https:\/\/www.oparanews.com.br\/index.php\/wp-json\/wp\/v2\/tags?post=10804"}],"curies":[{"name":"wp","href":"https:\/\/api.w.org\/{rel}","templated":true}]}}