{"id":10810,"date":"2020-11-17T18:10:57","date_gmt":"2020-11-17T18:10:57","guid":{"rendered":"https:\/\/oparanews.com.br\/?p=10810"},"modified":"2020-11-17T18:10:57","modified_gmt":"2020-11-17T18:10:57","slug":"merendeiras-da-semed-penedo-participam-de-concurso-promovido-pelo-sebrae-senac","status":"publish","type":"post","link":"https:\/\/www.oparanews.com.br\/index.php\/2020\/11\/17\/merendeiras-da-semed-penedo-participam-de-concurso-promovido-pelo-sebrae-senac\/","title":{"rendered":"Merendeiras da Semed Penedo participam de concurso promovido pelo Sebrae\/Senac"},"content":{"rendered":"<p>Uma refei\u00e7\u00e3o preparada com alimentos naturais e vi\u00e1vel para inclus\u00e3o no card\u00e1pio da merenda escolar. Com esses objetivos em mente, merendeiras que trabalham em escolas da Prefeitura de Penedo apresentam receitas na creche escola Menino Jesus, situada no bairro Santa Luzia.<\/p>\n<p>Na cozinha da unidade que funciona como local provis\u00f3rio da gest\u00e3o da Secretaria Municipal de Educa\u00e7\u00e3o (Semed), em fun\u00e7\u00e3o das obras em sua sede, merendeiras das escolas Vereador Manoel Soares de Melo, C\u00f4nego Teot\u00f4nio Ribeiro e Hanna Bertholet ir\u00e3o preparar os pratos na tarde da pr\u00f3xima quinta-feira, 19.<\/p>\n<p>Das tr\u00eas receitas, uma delas representar\u00e1 Penedo na segunda edi\u00e7\u00e3o do Concurso de Merendeiras.<\/p>\n<p>\u201cForam inscritas doze receitas de escolas de nossa rede para a etapa municipal e tr\u00eas passaram para a fase que acontece na quinta-feira\u201d, explica Carla Sampaio, nutricionista da Semed Penedo sobre a etapa local do projeto que incentiva a oferta de alimenta\u00e7\u00e3o saud\u00e1vel nas escolas e a produ\u00e7\u00e3o de alimentos no \u00e2mbito agricultura familiar.<\/p>\n<p>O Concurso de Merendeiras \u00e9 promovido pelo Sebrae Alagoas, em parceria com o Senac e os munic\u00edpios integrantes do Projeto Cidade Empreendedora (Penedo, Arapiraca, Coruripe, Delmiro Gouveia, Macei\u00f3, Campo Alegre, Maragogi, Palmeira dos \u00cdndios, Santana do Ipanema e S\u00e3o Miguel dos Campos).<\/p>\n<p>A melhor receita de cada cidade avan\u00e7a para a etapa final que acontece em Macei\u00f3, no dia 04 de dezembro. De acordo com o Sebrae Alagoas, a comiss\u00e3o julgadora avalia o sabor, a criatividade (inova\u00e7\u00e3o e originalidade), a apar\u00eancia e a textura de cada prato.<\/p>\n<p>Al\u00e9m disso, os crit\u00e9rios do concurso exigem que os alimentos utilizados sejam regionais e oriundos da agricultura familiar, com o m\u00ednimo de processamento industrial nos itens de cada. As premia\u00e7\u00f5es variam de R$ 500,00 a R$ 5.000,00 para merendeiras e nutricionistas da escola vencedora da etapa estadual.<\/p>\n<p>&nbsp;<\/p>\n<p><strong>por Fernando Vin\u00edcius \u2013 Decom PMP<\/strong><\/p>\n<p>&nbsp;<\/p>\n","protected":false},"excerpt":{"rendered":"<p>Uma refei\u00e7\u00e3o preparada com alimentos naturais e vi\u00e1vel para inclus\u00e3o no card\u00e1pio da merenda escolar. Com esses objetivos em mente, merendeiras que trabalham em escolas da Prefeitura de Penedo apresentam receitas na creche escola Menino Jesus, situada no bairro Santa Luzia. Na cozinha da unidade que funciona como local provis\u00f3rio da gest\u00e3o da Secretaria Municipal &hellip;<\/p>\n","protected":false},"author":1,"featured_media":10811,"comment_status":"open","ping_status":"open","sticky":false,"template":"","format":"standard","meta":{"_jetpack_newsletter_access":"","_jetpack_dont_email_post_to_subs":false,"_jetpack_newsletter_tier_id":0,"_jetpack_memberships_contains_paywalled_content":false,"_jetpack_memberships_contains_paid_content":false,"footnotes":""},"categories":[1],"tags":[],"class_list":["post-10810","post","type-post","status-publish","format-standard","has-post-thumbnail","hentry","category-destaque"],"jetpack_sharing_enabled":true,"jetpack_featured_media_url":"","_links":{"self":[{"href":"https:\/\/www.oparanews.com.br\/index.php\/wp-json\/wp\/v2\/posts\/10810","targetHints":{"allow":["GET"]}}],"collection":[{"href":"https:\/\/www.oparanews.com.br\/index.php\/wp-json\/wp\/v2\/posts"}],"about":[{"href":"https:\/\/www.oparanews.com.br\/index.php\/wp-json\/wp\/v2\/types\/post"}],"author":[{"embeddable":true,"href":"https:\/\/www.oparanews.com.br\/index.php\/wp-json\/wp\/v2\/users\/1"}],"replies":[{"embeddable":true,"href":"https:\/\/www.oparanews.com.br\/index.php\/wp-json\/wp\/v2\/comments?post=10810"}],"version-history":[{"count":0,"href":"https:\/\/www.oparanews.com.br\/index.php\/wp-json\/wp\/v2\/posts\/10810\/revisions"}],"wp:attachment":[{"href":"https:\/\/www.oparanews.com.br\/index.php\/wp-json\/wp\/v2\/media?parent=10810"}],"wp:term":[{"taxonomy":"category","embeddable":true,"href":"https:\/\/www.oparanews.com.br\/index.php\/wp-json\/wp\/v2\/categories?post=10810"},{"taxonomy":"post_tag","embeddable":true,"href":"https:\/\/www.oparanews.com.br\/index.php\/wp-json\/wp\/v2\/tags?post=10810"}],"curies":[{"name":"wp","href":"https:\/\/api.w.org\/{rel}","templated":true}]}}