{"id":10816,"date":"2020-11-18T12:40:58","date_gmt":"2020-11-18T12:40:58","guid":{"rendered":"https:\/\/oparanews.com.br\/?p=10816"},"modified":"2020-11-18T12:40:58","modified_gmt":"2020-11-18T12:40:58","slug":"homens-sao-presos-com-273-kg-de-maconha-em-porto-real-do-colegio","status":"publish","type":"post","link":"https:\/\/www.oparanews.com.br\/index.php\/2020\/11\/18\/homens-sao-presos-com-273-kg-de-maconha-em-porto-real-do-colegio\/","title":{"rendered":"Homens s\u00e3o presos com 273 kg de maconha em Porto Real do Col\u00e9gio"},"content":{"rendered":"<p>Dois homens foram presos na ter\u00e7a-feira (17) com 273 kg de maconha dentro de uma carreta na cidade de Porto Real do Col\u00e9gio, Litoral Sul de Alagoas.<\/p>\n<p>A pris\u00e3o aconteceu ap\u00f3s den\u00fancia an\u00f4nima feita ao Servi\u00e7o de Intelig\u00eancia da Pol\u00edcia Militar. De acordo com a PM, uma carreta de cor vermelha foi abordada na rodovia. Dentro do ve\u00edculo os policiais encontraram 273 kg de maconha que vinha de S\u00e3o Paulo.<\/p>\n<p>Um homem de 47 e outro de 21 anos foram presos em flagrante e levados para a sede da Divis\u00e3o Especial de Investiga\u00e7\u00e3o e Capturas (Deic), na Santa Am\u00e9lia, em Macei\u00f3.<\/p>\n<p>&nbsp;<\/p>\n<p><strong>Fonte: G1\/AL<\/strong><\/p>\n<p>&nbsp;<\/p>\n","protected":false},"excerpt":{"rendered":"<p>Dois homens foram presos na ter\u00e7a-feira (17) com 273 kg de maconha dentro de uma carreta na cidade de Porto Real do Col\u00e9gio, Litoral Sul de Alagoas. A pris\u00e3o aconteceu ap\u00f3s den\u00fancia an\u00f4nima feita ao Servi\u00e7o de Intelig\u00eancia da Pol\u00edcia Militar. De acordo com a PM, uma carreta de cor vermelha foi abordada na rodovia. &hellip;<\/p>\n","protected":false},"author":1,"featured_media":10817,"comment_status":"open","ping_status":"open","sticky":false,"template":"","format":"standard","meta":{"_jetpack_newsletter_access":"","_jetpack_dont_email_post_to_subs":false,"_jetpack_newsletter_tier_id":0,"_jetpack_memberships_contains_paywalled_content":false,"_jetpack_memberships_contains_paid_content":false,"footnotes":""},"categories":[1],"tags":[],"class_list":["post-10816","post","type-post","status-publish","format-standard","has-post-thumbnail","hentry","category-destaque"],"jetpack_sharing_enabled":true,"jetpack_featured_media_url":"","_links":{"self":[{"href":"https:\/\/www.oparanews.com.br\/index.php\/wp-json\/wp\/v2\/posts\/10816","targetHints":{"allow":["GET"]}}],"collection":[{"href":"https:\/\/www.oparanews.com.br\/index.php\/wp-json\/wp\/v2\/posts"}],"about":[{"href":"https:\/\/www.oparanews.com.br\/index.php\/wp-json\/wp\/v2\/types\/post"}],"author":[{"embeddable":true,"href":"https:\/\/www.oparanews.com.br\/index.php\/wp-json\/wp\/v2\/users\/1"}],"replies":[{"embeddable":true,"href":"https:\/\/www.oparanews.com.br\/index.php\/wp-json\/wp\/v2\/comments?post=10816"}],"version-history":[{"count":0,"href":"https:\/\/www.oparanews.com.br\/index.php\/wp-json\/wp\/v2\/posts\/10816\/revisions"}],"wp:attachment":[{"href":"https:\/\/www.oparanews.com.br\/index.php\/wp-json\/wp\/v2\/media?parent=10816"}],"wp:term":[{"taxonomy":"category","embeddable":true,"href":"https:\/\/www.oparanews.com.br\/index.php\/wp-json\/wp\/v2\/categories?post=10816"},{"taxonomy":"post_tag","embeddable":true,"href":"https:\/\/www.oparanews.com.br\/index.php\/wp-json\/wp\/v2\/tags?post=10816"}],"curies":[{"name":"wp","href":"https:\/\/api.w.org\/{rel}","templated":true}]}}