{"id":10825,"date":"2020-11-18T12:49:27","date_gmt":"2020-11-18T12:49:27","guid":{"rendered":"https:\/\/oparanews.com.br\/?p=10825"},"modified":"2020-11-18T12:49:27","modified_gmt":"2020-11-18T12:49:27","slug":"mpf-recomenda-que-ima-anule-construcao-irregular-em-praia-de-al","status":"publish","type":"post","link":"https:\/\/www.oparanews.com.br\/index.php\/2020\/11\/18\/mpf-recomenda-que-ima-anule-construcao-irregular-em-praia-de-al\/","title":{"rendered":"MPF recomenda que IMA anule constru\u00e7\u00e3o irregular em praia de AL"},"content":{"rendered":"<p>O Minist\u00e9rio P\u00fablico Federal (MPF) em Alagoas informou, nesta quarta-feira (18), que expediu recomenda\u00e7\u00e3o ao Instituto do Meio Ambiente (IMA) de Alagoas para que declare, no prazo de 30 dias, a nulidade da Autoriza\u00e7\u00e3o Ambiental que permitiu a Moscou Fundo de Investimento Imobili\u00e1rio &#8211; FII realizar constru\u00e7\u00e3o irregular na \u00c1rea de Prote\u00e7\u00e3o Ambiental (APA) Costa dos Corais, na Praia do Marceneiro, localizada no munic\u00edpio de Passo de Camaragibe, em Alagoas.<\/p>\n<p>De autoria da procuradora da Rep\u00fablica Juliana C\u00e2mara, a recomenda\u00e7\u00e3o orienta a anula\u00e7\u00e3o da Autoriza\u00e7\u00e3o Ambiental n\u00ba 2020.06050159053.EXP.AUT, por v\u00edcio de legalidade. Al\u00e9m disso, o IMA \u00e9 instado a embargar a obra, notificando o empreendedor a desfazer as constru\u00e7\u00f5es j\u00e1 realizadas na zona de praia, inserida na APA Costa dos Corais, verificando, antes, a necessidade de repara\u00e7\u00e3o dos poss\u00edveis danos ambientais causados at\u00e9 o momento, mediante pr\u00e9via cientifica\u00e7\u00e3o do ICMBio.<\/p>\n<p>Tramita no MPF o procedimento preparat\u00f3rio n\u00ba 1.11.000.000727\/2020-18, instaurado para apurar not\u00edcia de constru\u00e7\u00e3o irregular de muro de gravidade para conten\u00e7\u00e3o de eros\u00e3o costeira na Praia do Marceneiro. Durante a instru\u00e7\u00e3o do procedimento, no entanto, constatou-se que a autoriza\u00e7\u00e3o expedida pelo \u00f3rg\u00e3o ambiental fundamentou-se em informa\u00e7\u00f5es erradas veiculadas pelo empreendedor, especificamente quanto \u00e0 localiza\u00e7\u00e3o da obra.<\/p>\n<p>O empreendedor, por sua vez, informou que a constru\u00e7\u00e3o seria a 25 metros da APA da Costa dos Corais, quando, na verdade, a obra est\u00e1 inserida integralmente na zona de praia da APA Costa dos Corais, conforme constatou o ICMBio em inspe\u00e7\u00e3o local.<\/p>\n<p>A constru\u00e7\u00e3o afronta o Plano de Manejo da Unidade de Conserva\u00e7\u00e3o, que pro\u00edbe constru\u00e7\u00e3o permanente, na zona de praia, que interfira no processo natural da mar\u00e9, tal como no caso do referido muro de gravidade, raz\u00e3o pela qual o ICMBio Costa dos Corais lavrou Auto de Infra\u00e7\u00e3o em 15\/06\/2020 e embargou a obra, aplicando multa de R$ 5,5 mil.<\/p>\n<p>O IMA deve informar, em at\u00e9 10 dias, se acatar\u00e1 ou n\u00e3o a recomenda\u00e7\u00e3o, apresentando, em qualquer hip\u00f3tese de negativa, os respectivos fundamentos. O \u00f3rg\u00e3o ambiental foi alertado de que omiss\u00e3o na ado\u00e7\u00e3o das provid\u00eancias recomendadas levar\u00e1 o MPF a tomar as medidas administrativas e a\u00e7\u00f5es judiciais cab\u00edveis contra os que derem causa.<\/p>\n<p>O Instituto do Meio Ambiente estadual tem o prazo m\u00e1ximo de 120 dias para cumprir integralmente a recomenda\u00e7\u00e3o.<\/p>\n<p>A reportagem entrou em contato com a assessoria do IMA e aguarda um posicionamento.<\/p>\n<p><strong>APA Costa dos Corais<\/strong><\/p>\n<p>A \u00c1rea de Prote\u00e7\u00e3o Ambiental Costa dos Corais (APACC), criada pelo Decreto s\/n de 23 de outubro de 1997, \u00e9 a maior unidade de conserva\u00e7\u00e3o federal marinha costeira do Brasil. Ela tem \u00e1rea superior a 400 mil hectares e cerca de 120 km de praia e mangues, abarcando toda a \u00e1rea costeira do Litoral Sul de Pernambuco e Litoral Norte de Alagoas, entre os munic\u00edpios de Tamandar\u00e9 (PE) e Macei\u00f3 (AL).<\/p>\n<p>&nbsp;<\/p>\n<p><strong>com assessoria<\/strong><\/p>\n<p>&nbsp;<\/p>\n","protected":false},"excerpt":{"rendered":"<p>O Minist\u00e9rio P\u00fablico Federal (MPF) em Alagoas informou, nesta quarta-feira (18), que expediu recomenda\u00e7\u00e3o ao Instituto do Meio Ambiente (IMA) de Alagoas para que declare, no prazo de 30 dias, a nulidade da Autoriza\u00e7\u00e3o Ambiental que permitiu a Moscou Fundo de Investimento Imobili\u00e1rio &#8211; FII realizar constru\u00e7\u00e3o irregular na \u00c1rea de Prote\u00e7\u00e3o Ambiental (APA) Costa &hellip;<\/p>\n","protected":false},"author":1,"featured_media":10826,"comment_status":"open","ping_status":"open","sticky":false,"template":"","format":"standard","meta":{"_jetpack_newsletter_access":"","_jetpack_dont_email_post_to_subs":false,"_jetpack_newsletter_tier_id":0,"_jetpack_memberships_contains_paywalled_content":false,"_jetpack_memberships_contains_paid_content":false,"footnotes":""},"categories":[1],"tags":[],"class_list":["post-10825","post","type-post","status-publish","format-standard","has-post-thumbnail","hentry","category-destaque"],"jetpack_sharing_enabled":true,"jetpack_featured_media_url":"","_links":{"self":[{"href":"https:\/\/www.oparanews.com.br\/index.php\/wp-json\/wp\/v2\/posts\/10825","targetHints":{"allow":["GET"]}}],"collection":[{"href":"https:\/\/www.oparanews.com.br\/index.php\/wp-json\/wp\/v2\/posts"}],"about":[{"href":"https:\/\/www.oparanews.com.br\/index.php\/wp-json\/wp\/v2\/types\/post"}],"author":[{"embeddable":true,"href":"https:\/\/www.oparanews.com.br\/index.php\/wp-json\/wp\/v2\/users\/1"}],"replies":[{"embeddable":true,"href":"https:\/\/www.oparanews.com.br\/index.php\/wp-json\/wp\/v2\/comments?post=10825"}],"version-history":[{"count":0,"href":"https:\/\/www.oparanews.com.br\/index.php\/wp-json\/wp\/v2\/posts\/10825\/revisions"}],"wp:attachment":[{"href":"https:\/\/www.oparanews.com.br\/index.php\/wp-json\/wp\/v2\/media?parent=10825"}],"wp:term":[{"taxonomy":"category","embeddable":true,"href":"https:\/\/www.oparanews.com.br\/index.php\/wp-json\/wp\/v2\/categories?post=10825"},{"taxonomy":"post_tag","embeddable":true,"href":"https:\/\/www.oparanews.com.br\/index.php\/wp-json\/wp\/v2\/tags?post=10825"}],"curies":[{"name":"wp","href":"https:\/\/api.w.org\/{rel}","templated":true}]}}