{"id":10839,"date":"2020-11-19T17:58:34","date_gmt":"2020-11-19T17:58:34","guid":{"rendered":"https:\/\/oparanews.com.br\/?p=10839"},"modified":"2020-11-19T17:58:34","modified_gmt":"2020-11-19T17:58:34","slug":"tse-marca-eleicao-em-macapa-para-6-e-20-de-dezembro","status":"publish","type":"post","link":"https:\/\/www.oparanews.com.br\/index.php\/2020\/11\/19\/tse-marca-eleicao-em-macapa-para-6-e-20-de-dezembro\/","title":{"rendered":"TSE marca elei\u00e7\u00e3o em Macap\u00e1 para 6 e 20 de dezembro"},"content":{"rendered":"<p>O plen\u00e1rio do Tribunal Superior Eleitoral (TSE) decidiu hoje (19), por unanimidade, marcar a elei\u00e7\u00e3o municipal em Macap\u00e1 para os dias 6 de dezembro, em primeiro turno, e 20 de dezembro, em segundo turno, se houver.<\/p>\n<p>Macap\u00e1 \u00e9 a \u00fanica cidade brasileira que n\u00e3o foi \u00e0s urnas no \u00faltimo domingo (15) para escolher o novo prefeito e os vereadores. O adiamento foi determinado pela Justi\u00e7a Eleitoral na semana passada, em decorr\u00eancia da calamidade p\u00fablica causada pelo apag\u00e3o no estado. As novas datas, por\u00e9m, foram marcadas apenas nesta quinta-feira (18).<\/p>\n<p>Num primeiro momento, o segundo turno seria realizado em 27 de dezembro, mas o Tribunal Regional Eleitoral do Amap\u00e1 (TRE-AP) solicitou a antecipa\u00e7\u00e3o para 20 de dezembro, para evitar vota\u00e7\u00e3o entre o Natal e o Ano Novo. O plen\u00e1rio da corte local aprovou ontem (18) as novas datas. A proposta foi aceita pelos ministros do TSE, ap\u00f3s sinal verde da \u00e1rea t\u00e9cnica do tribunal.<\/p>\n<p>Pela resolu\u00e7\u00e3o aprovada nesta quinta, as presta\u00e7\u00f5es de contas de candidatos e partidos dever\u00e3o ser apresentadas at\u00e9 26 de dezembro. Os gastos, a arrecada\u00e7\u00e3o e a divulga\u00e7\u00e3o de campanha podem prosseguir at\u00e9 os prazos usuais antes da vota\u00e7\u00e3o, consideradas as novas datas.<\/p>\n<p>Em 3 de novembro, quase todo o estado sofreu um apag\u00e3o de energia el\u00e9trica. Desde ent\u00e3o, o Amap\u00e1 enfrenta instabilidade no fornecimento, que ainda n\u00e3o foi plenamente restabelecido. A falta de energia tem causado outros transtornos, como interrup\u00e7\u00f5es, tamb\u00e9m, no fornecimento de \u00e1gua.<\/p>\n<p>Ap\u00f3s um restabelecimento parcial da distribui\u00e7\u00e3o de energia el\u00e9trica, depois do reparo do transformador da principal subesta\u00e7\u00e3o do estado, o Amap\u00e1 sofreu novo apag\u00e3o na \u00faltima ter\u00e7a-feira (16).<\/p>\n<p>&nbsp;<\/p>\n<p><strong>Fonte: Ag\u00eancia Brasil<\/strong><\/p>\n<p>&nbsp;<\/p>\n","protected":false},"excerpt":{"rendered":"<p>O plen\u00e1rio do Tribunal Superior Eleitoral (TSE) decidiu hoje (19), por unanimidade, marcar a elei\u00e7\u00e3o municipal em Macap\u00e1 para os dias 6 de dezembro, em primeiro turno, e 20 de dezembro, em segundo turno, se houver. Macap\u00e1 \u00e9 a \u00fanica cidade brasileira que n\u00e3o foi \u00e0s urnas no \u00faltimo domingo (15) para escolher o novo &hellip;<\/p>\n","protected":false},"author":1,"featured_media":10840,"comment_status":"open","ping_status":"open","sticky":false,"template":"","format":"standard","meta":{"_jetpack_newsletter_access":"","_jetpack_dont_email_post_to_subs":false,"_jetpack_newsletter_tier_id":0,"_jetpack_memberships_contains_paywalled_content":false,"_jetpack_memberships_contains_paid_content":false,"footnotes":""},"categories":[1],"tags":[],"class_list":["post-10839","post","type-post","status-publish","format-standard","has-post-thumbnail","hentry","category-destaque"],"jetpack_sharing_enabled":true,"jetpack_featured_media_url":"","_links":{"self":[{"href":"https:\/\/www.oparanews.com.br\/index.php\/wp-json\/wp\/v2\/posts\/10839","targetHints":{"allow":["GET"]}}],"collection":[{"href":"https:\/\/www.oparanews.com.br\/index.php\/wp-json\/wp\/v2\/posts"}],"about":[{"href":"https:\/\/www.oparanews.com.br\/index.php\/wp-json\/wp\/v2\/types\/post"}],"author":[{"embeddable":true,"href":"https:\/\/www.oparanews.com.br\/index.php\/wp-json\/wp\/v2\/users\/1"}],"replies":[{"embeddable":true,"href":"https:\/\/www.oparanews.com.br\/index.php\/wp-json\/wp\/v2\/comments?post=10839"}],"version-history":[{"count":0,"href":"https:\/\/www.oparanews.com.br\/index.php\/wp-json\/wp\/v2\/posts\/10839\/revisions"}],"wp:attachment":[{"href":"https:\/\/www.oparanews.com.br\/index.php\/wp-json\/wp\/v2\/media?parent=10839"}],"wp:term":[{"taxonomy":"category","embeddable":true,"href":"https:\/\/www.oparanews.com.br\/index.php\/wp-json\/wp\/v2\/categories?post=10839"},{"taxonomy":"post_tag","embeddable":true,"href":"https:\/\/www.oparanews.com.br\/index.php\/wp-json\/wp\/v2\/tags?post=10839"}],"curies":[{"name":"wp","href":"https:\/\/api.w.org\/{rel}","templated":true}]}}