{"id":10842,"date":"2020-11-19T18:00:19","date_gmt":"2020-11-19T18:00:19","guid":{"rendered":"https:\/\/oparanews.com.br\/?p=10842"},"modified":"2020-11-19T18:00:19","modified_gmt":"2020-11-19T18:00:19","slug":"e-falso-que-governo-publicara-novo-decreto-emergencial-neste-sabado-21","status":"publish","type":"post","link":"https:\/\/www.oparanews.com.br\/index.php\/2020\/11\/19\/e-falso-que-governo-publicara-novo-decreto-emergencial-neste-sabado-21\/","title":{"rendered":"\u00c9 falso que Governo publicar\u00e1 novo decreto emergencial neste s\u00e1bado (21)"},"content":{"rendered":"<p>O Governo de Alagoas comunica que \u00e9 falsa a informa\u00e7\u00e3o que circula nas redes sociais sobre a publica\u00e7\u00e3o de um novo decreto emergencial, a partir da 00h do pr\u00f3ximo s\u00e1bado (21), que iria determinar o \u201cfechamento do com\u00e9rcio e outros estabelecimentos\u201d e \u201cinterromper o transporte intermunicipal\u201d.<\/p>\n<p>Em mais um caso de fake news que visa confundir a popula\u00e7\u00e3o alagoana, a not\u00edcia atribu\u00edda ao portal Alagoas na Net, com data de 19 de novembro de 2020, foi na verdade veiculada originalmente no dia 20 de mar\u00e7o de 2020 \u2013 data da publica\u00e7\u00e3o do primeiro decreto governamental com medidas restritivas para enfrentamento ao novo coronav\u00edrus.<\/p>\n<p>Portanto, continua em vigor o Decreto N\u00ba 71.749, de 20 de outubro de 2020, que estabeleceu a manuten\u00e7\u00e3o da capital e de todos os munic\u00edpios alagoanos na fase azul do Plano de Distanciamento Social Controlado.<\/p>\n<p>O Governo do Estado reitera que repudia a dissemina\u00e7\u00e3o de not\u00edcias falsas de qualquer natureza \u2013 especialmente sobre a pandemia \u2013 e que continua a analisar os \u00edndices estabelecidos na Matriz de Riscos para definir uma eventual mudan\u00e7a de fase, ainda sem data prevista.<\/p>\n<p>&nbsp;<\/p>\n<p><strong>Fonte: Ag\u00eancia Alagoas<\/strong><\/p>\n<p>&nbsp;<\/p>\n","protected":false},"excerpt":{"rendered":"<p>O Governo de Alagoas comunica que \u00e9 falsa a informa\u00e7\u00e3o que circula nas redes sociais sobre a publica\u00e7\u00e3o de um novo decreto emergencial, a partir da 00h do pr\u00f3ximo s\u00e1bado (21), que iria determinar o \u201cfechamento do com\u00e9rcio e outros estabelecimentos\u201d e \u201cinterromper o transporte intermunicipal\u201d. Em mais um caso de fake news que visa &hellip;<\/p>\n","protected":false},"author":1,"featured_media":10843,"comment_status":"open","ping_status":"open","sticky":false,"template":"","format":"standard","meta":{"_jetpack_newsletter_access":"","_jetpack_dont_email_post_to_subs":false,"_jetpack_newsletter_tier_id":0,"_jetpack_memberships_contains_paywalled_content":false,"_jetpack_memberships_contains_paid_content":false,"footnotes":""},"categories":[1],"tags":[],"class_list":["post-10842","post","type-post","status-publish","format-standard","has-post-thumbnail","hentry","category-destaque"],"jetpack_sharing_enabled":true,"jetpack_featured_media_url":"","_links":{"self":[{"href":"https:\/\/www.oparanews.com.br\/index.php\/wp-json\/wp\/v2\/posts\/10842","targetHints":{"allow":["GET"]}}],"collection":[{"href":"https:\/\/www.oparanews.com.br\/index.php\/wp-json\/wp\/v2\/posts"}],"about":[{"href":"https:\/\/www.oparanews.com.br\/index.php\/wp-json\/wp\/v2\/types\/post"}],"author":[{"embeddable":true,"href":"https:\/\/www.oparanews.com.br\/index.php\/wp-json\/wp\/v2\/users\/1"}],"replies":[{"embeddable":true,"href":"https:\/\/www.oparanews.com.br\/index.php\/wp-json\/wp\/v2\/comments?post=10842"}],"version-history":[{"count":0,"href":"https:\/\/www.oparanews.com.br\/index.php\/wp-json\/wp\/v2\/posts\/10842\/revisions"}],"wp:attachment":[{"href":"https:\/\/www.oparanews.com.br\/index.php\/wp-json\/wp\/v2\/media?parent=10842"}],"wp:term":[{"taxonomy":"category","embeddable":true,"href":"https:\/\/www.oparanews.com.br\/index.php\/wp-json\/wp\/v2\/categories?post=10842"},{"taxonomy":"post_tag","embeddable":true,"href":"https:\/\/www.oparanews.com.br\/index.php\/wp-json\/wp\/v2\/tags?post=10842"}],"curies":[{"name":"wp","href":"https:\/\/api.w.org\/{rel}","templated":true}]}}