{"id":10848,"date":"2020-11-19T18:18:59","date_gmt":"2020-11-19T18:18:59","guid":{"rendered":"https:\/\/oparanews.com.br\/?p=10848"},"modified":"2020-11-19T18:18:59","modified_gmt":"2020-11-19T18:18:59","slug":"semed-penedo-realiza-renovacao-de-matriculas-para-o-ano-letivo-2021-e-distribui-material-didatico","status":"publish","type":"post","link":"https:\/\/www.oparanews.com.br\/index.php\/2020\/11\/19\/semed-penedo-realiza-renovacao-de-matriculas-para-o-ano-letivo-2021-e-distribui-material-didatico\/","title":{"rendered":"SEMED Penedo realiza renova\u00e7\u00e3o de matriculas para o ano letivo 2021 e distribui material did\u00e1tico"},"content":{"rendered":"<p>A Secretaria Municipal de Educa\u00e7\u00e3o informa para os pais ou respons\u00e1veis pelos alunos, que a renova\u00e7\u00e3o de matricula para o ano letivo 2021 estar\u00e1 ocorrendo no per\u00edodo de 24\/11 a 04\/12\/2020 das 8h \u00e0s 11h30 e das 17h nas Escolas Municipais de Educa\u00e7\u00e3o B\u00e1sica (EMEBs).<\/p>\n<p>Na ocasi\u00e3o os mesmos dever\u00e3o estar portando os documentos: RG e CPF para a realiza\u00e7\u00e3o do procedimento.<\/p>\n<p><strong>Material Did\u00e1tico<\/strong><\/p>\n<p>De acordo com a Superintendente de Gabinete da Semed, Laudeci Melo, no ato da matr\u00edcula, os alunos da Educa\u00e7\u00e3o Infantil tamb\u00e9m receber\u00e3o material did\u00e1tico para o referido ano letivo em dois volumes, sendo um livro para o primeiro semestre e o outro livro para o segundo semestre, al\u00e9m de agenda do aluno, de acordo com a idade e s\u00e9rie que estudam.<\/p>\n<p>Dessa forma os alunos do maternal I, com do 2 anos de idade receber\u00e3o: Agenda do aluno e livro volume \u00fanico; os de 3 anos do maternal II, agenda e livro com 2 volumes, 4 anos jardim I, Agenda do aluno e livro com 2 volumes e 5 anos do Jardim II Agenda do aluno e livro com 2 volumes.<\/p>\n<p><strong>Material pedag\u00f3gico<\/strong><\/p>\n<p>De acordo com a SEMED, a rede municipal de ensino de Penedo busca fortalecer o processo pedag\u00f3gico na educa\u00e7\u00e3o infantil em sintonia com o que preconiza a BNCC- Base Nacional Comum Curricular, por isso realizou a aquisi\u00e7\u00e3o desse material did\u00e1tico para as turmas da educa\u00e7\u00e3o infantil.<\/p>\n<p>O material que ser\u00e1 distribu\u00eddo fortalece o trabalho pedag\u00f3gico por meio de diversas atividades que trabalham as seguintes tem\u00e1ticas: Corpo gestos e movimentos, tra\u00e7os, sons, cores e formas escuta, fala, pensamento e imagina\u00e7\u00e3o, espa\u00e7o, tempos, quantidades, rela\u00e7\u00f5es e transforma\u00e7\u00f5es<\/p>\n<p>Al\u00e9m disso os professores tamb\u00e9m receber\u00e3o um kit com bolsa, proposta pedag\u00f3gica ,livro do professor e caderno de planejamento. Todo material faz parte Cole\u00e7\u00e3o: Descobrir e aprender, intera\u00e7\u00f5es e brincadeiras.<\/p>\n<p>&nbsp;<\/p>\n<p><strong>Fonte: Decom &#8211; PMP<\/strong><\/p>\n<p>&nbsp;<\/p>\n","protected":false},"excerpt":{"rendered":"<p>A Secretaria Municipal de Educa\u00e7\u00e3o informa para os pais ou respons\u00e1veis pelos alunos, que a renova\u00e7\u00e3o de matricula para o ano letivo 2021 estar\u00e1 ocorrendo no per\u00edodo de 24\/11 a 04\/12\/2020 das 8h \u00e0s 11h30 e das 17h nas Escolas Municipais de Educa\u00e7\u00e3o B\u00e1sica (EMEBs). Na ocasi\u00e3o os mesmos dever\u00e3o estar portando os documentos: RG &hellip;<\/p>\n","protected":false},"author":1,"featured_media":10849,"comment_status":"open","ping_status":"open","sticky":false,"template":"","format":"standard","meta":{"_jetpack_newsletter_access":"","_jetpack_dont_email_post_to_subs":false,"_jetpack_newsletter_tier_id":0,"_jetpack_memberships_contains_paywalled_content":false,"_jetpack_memberships_contains_paid_content":false,"footnotes":""},"categories":[1],"tags":[],"class_list":["post-10848","post","type-post","status-publish","format-standard","has-post-thumbnail","hentry","category-destaque"],"jetpack_sharing_enabled":true,"jetpack_featured_media_url":"","_links":{"self":[{"href":"https:\/\/www.oparanews.com.br\/index.php\/wp-json\/wp\/v2\/posts\/10848","targetHints":{"allow":["GET"]}}],"collection":[{"href":"https:\/\/www.oparanews.com.br\/index.php\/wp-json\/wp\/v2\/posts"}],"about":[{"href":"https:\/\/www.oparanews.com.br\/index.php\/wp-json\/wp\/v2\/types\/post"}],"author":[{"embeddable":true,"href":"https:\/\/www.oparanews.com.br\/index.php\/wp-json\/wp\/v2\/users\/1"}],"replies":[{"embeddable":true,"href":"https:\/\/www.oparanews.com.br\/index.php\/wp-json\/wp\/v2\/comments?post=10848"}],"version-history":[{"count":0,"href":"https:\/\/www.oparanews.com.br\/index.php\/wp-json\/wp\/v2\/posts\/10848\/revisions"}],"wp:attachment":[{"href":"https:\/\/www.oparanews.com.br\/index.php\/wp-json\/wp\/v2\/media?parent=10848"}],"wp:term":[{"taxonomy":"category","embeddable":true,"href":"https:\/\/www.oparanews.com.br\/index.php\/wp-json\/wp\/v2\/categories?post=10848"},{"taxonomy":"post_tag","embeddable":true,"href":"https:\/\/www.oparanews.com.br\/index.php\/wp-json\/wp\/v2\/tags?post=10848"}],"curies":[{"name":"wp","href":"https:\/\/api.w.org\/{rel}","templated":true}]}}