{"id":10851,"date":"2020-11-19T18:20:30","date_gmt":"2020-11-19T18:20:30","guid":{"rendered":"https:\/\/oparanews.com.br\/?p=10851"},"modified":"2020-11-19T18:20:30","modified_gmt":"2020-11-19T18:20:30","slug":"copa-alagoas-2021-comecara-no-dia-10-de-janeiro","status":"publish","type":"post","link":"https:\/\/www.oparanews.com.br\/index.php\/2020\/11\/19\/copa-alagoas-2021-comecara-no-dia-10-de-janeiro\/","title":{"rendered":"Copa Alagoas 2021 come\u00e7ar\u00e1 no dia 10 de janeiro"},"content":{"rendered":"<p>A Copa Alagoas 2021 j\u00e1 tem data para come\u00e7ar. A Federa\u00e7\u00e3o Alagoana de Futebol e os clubes participantes definiram que a competi\u00e7\u00e3o ter\u00e1 in\u00edcio no dia 10 de janeiro sendo disputada at\u00e9 o dia 20 de fevereiro, abrindo oficialmente o calend\u00e1rio do futebol alagoano da pr\u00f3xima temporada. Est\u00e3o confirmadas a participa\u00e7\u00e3o de ASA, CEO, CSE, Coruripe, Jaciob\u00e1 e Murici e o campe\u00e3o alagoano Sub-23 &#8211; 2\u00aa Divis\u00e3o 2020. A FAF convidou CSA e CRB para a disputa da Copa Alagoas e aguarda retorno dos dois clubes.<\/p>\n<p>O formato de disputa ser\u00e1 o mesmo desta temporada. Os clubes jogar\u00e3o entre si apenas em partidas de ida. Os dois primeiros colocados far\u00e3o a final em jogo \u00fanico, com mando de campo do clube de melhor campanha na primeira fase. O campe\u00e3o da Copa Alagoas 2021 garante uma vaga no Brasileiro da S\u00e9rie D em 2022, al\u00e9m de obter uma vaga para a seletiva contra o terceiro colocado do Campeonato Alagoano valendo uma vaga na Copa do Brasil em 2022.<\/p>\n<p>A FAF divulgar\u00e1 em breve o regulamento e a tabela b\u00e1sica da Copa Alagoas, ap\u00f3s o encerramento da segunda divis\u00e3o, que termina em dezembro.<\/p>\n<p>&nbsp;<\/p>\n<p><strong>Fonte: FAF<\/strong><\/p>\n<p>&nbsp;<\/p>\n","protected":false},"excerpt":{"rendered":"<p>A Copa Alagoas 2021 j\u00e1 tem data para come\u00e7ar. A Federa\u00e7\u00e3o Alagoana de Futebol e os clubes participantes definiram que a competi\u00e7\u00e3o ter\u00e1 in\u00edcio no dia 10 de janeiro sendo disputada at\u00e9 o dia 20 de fevereiro, abrindo oficialmente o calend\u00e1rio do futebol alagoano da pr\u00f3xima temporada. Est\u00e3o confirmadas a participa\u00e7\u00e3o de ASA, CEO, CSE, &hellip;<\/p>\n","protected":false},"author":1,"featured_media":10852,"comment_status":"open","ping_status":"open","sticky":false,"template":"","format":"standard","meta":{"_jetpack_newsletter_access":"","_jetpack_dont_email_post_to_subs":false,"_jetpack_newsletter_tier_id":0,"_jetpack_memberships_contains_paywalled_content":false,"_jetpack_memberships_contains_paid_content":false,"footnotes":""},"categories":[1],"tags":[],"class_list":["post-10851","post","type-post","status-publish","format-standard","has-post-thumbnail","hentry","category-destaque"],"jetpack_sharing_enabled":true,"jetpack_featured_media_url":"","_links":{"self":[{"href":"https:\/\/www.oparanews.com.br\/index.php\/wp-json\/wp\/v2\/posts\/10851","targetHints":{"allow":["GET"]}}],"collection":[{"href":"https:\/\/www.oparanews.com.br\/index.php\/wp-json\/wp\/v2\/posts"}],"about":[{"href":"https:\/\/www.oparanews.com.br\/index.php\/wp-json\/wp\/v2\/types\/post"}],"author":[{"embeddable":true,"href":"https:\/\/www.oparanews.com.br\/index.php\/wp-json\/wp\/v2\/users\/1"}],"replies":[{"embeddable":true,"href":"https:\/\/www.oparanews.com.br\/index.php\/wp-json\/wp\/v2\/comments?post=10851"}],"version-history":[{"count":0,"href":"https:\/\/www.oparanews.com.br\/index.php\/wp-json\/wp\/v2\/posts\/10851\/revisions"}],"wp:attachment":[{"href":"https:\/\/www.oparanews.com.br\/index.php\/wp-json\/wp\/v2\/media?parent=10851"}],"wp:term":[{"taxonomy":"category","embeddable":true,"href":"https:\/\/www.oparanews.com.br\/index.php\/wp-json\/wp\/v2\/categories?post=10851"},{"taxonomy":"post_tag","embeddable":true,"href":"https:\/\/www.oparanews.com.br\/index.php\/wp-json\/wp\/v2\/tags?post=10851"}],"curies":[{"name":"wp","href":"https:\/\/api.w.org\/{rel}","templated":true}]}}