{"id":10854,"date":"2020-11-20T11:22:34","date_gmt":"2020-11-20T11:22:34","guid":{"rendered":"https:\/\/oparanews.com.br\/?p=10854"},"modified":"2020-11-20T11:22:34","modified_gmt":"2020-11-20T11:22:34","slug":"penedo-registra-1-605-casos-do-novo-coronavirus","status":"publish","type":"post","link":"https:\/\/www.oparanews.com.br\/index.php\/2020\/11\/20\/penedo-registra-1-605-casos-do-novo-coronavirus\/","title":{"rendered":"Penedo registra 1.605 casos do novo Coronav\u00edrus"},"content":{"rendered":"<p>A SEMS Penedo divulgou nesta quinta-feira (19), o boletim epidemiol\u00f3gico atualizado referente aos n\u00fameros da pandemia de Covid-19 em Penedo.<\/p>\n<p>Os novos n\u00fameros divulgados apontam que 1605 pessoas foram infectadas na cidade desde o inicio da pandemia. Desse total, 1554 casos est\u00e3o classificados como curados da doen\u00e7a, ap\u00f3s passarem pelo per\u00edodo de recupera\u00e7\u00e3o.<\/p>\n<p>O boletim epidemiol\u00f3gico tamb\u00e9m mostra que 34 pessoas est\u00e3o sendo monitoradas, um caso suspeito, 1455 casos foram descartados e 21 pessoas morreram v\u00edtimas de Covid-19 em Penedo.<\/p>\n<p>A Prefeitura de Penedo informa tamb\u00e9m que a Unidade de S\u00edndromes Gripais localizada na Avenida Wanderlei, nas proximidades do trevo da \u201cToca do \u00cdndio\u201d, est\u00e1 funcionando de Segunda a Sexta-feira das 8h \u00e0s 17h. Devendo a popula\u00e7\u00e3o procurar o centro especi.alizado ao sentirem os primeiros sintomas de Covid-19.<\/p>\n<p><strong>Casos por localidade<\/strong><\/p>\n<p>Os n\u00fameros de casos por localidade, apontam que a maior quantidade de casos continua localizada no Bairro Dom Constantino com 491, seguindo pelo Bairro Santa Luzia com 269 e o Centro da cidade com 235<\/p>\n<p>Na zona rural a Cooperativa \u00e9 a localidade com maior n\u00famero de infectados com 52 casos, estando logo atr\u00e1s o Povoado Tabuleiro dos Negros, com 47 casos.<\/p>\n<p>Os n\u00fameros de casos por localidade seguem a seguinte rela\u00e7\u00e3o:<\/p>\n<p>Zona Urbana<\/p>\n<p>Bairro Dom Constantino \u2013 491<\/p>\n<p>Bairro Santa Luzia \u2013269<\/p>\n<p>Centro da cidade \u2013235<\/p>\n<p>Bairro Raimundo Marinho \u2013154<\/p>\n<p>Bairro Senhor do Bonfim \u2013140<\/p>\n<p>Bairro Santo Ant\u00f4nio \u201370<\/p>\n<p>Bairro Santa Izabel \u2013 61<\/p>\n<p>Bairro Santa Cec\u00edlia \u2013 18<\/p>\n<p>Zona Rural<\/p>\n<p>Povoado Tabuleiro dos Negros \u201347<\/p>\n<p>Povoado Palmeira Alta \u2013 36<\/p>\n<p>Cooperativa 1\u00ba e 2\u00ba N\u00facleo \u2013 52<\/p>\n<p>Povoado Santa Margarida \u2013 19<\/p>\n<p>Povoado Capela \u2013 10<\/p>\n<p>Povoado Ponta Mofina \u2013 05<\/p>\n<p>&nbsp;<\/p>\n<p><strong>por Thiago Sobral &#8211; Decom (PMP)<\/strong><\/p>\n<p>&nbsp;<\/p>\n","protected":false},"excerpt":{"rendered":"<p>A SEMS Penedo divulgou nesta quinta-feira (19), o boletim epidemiol\u00f3gico atualizado referente aos n\u00fameros da pandemia de Covid-19 em Penedo. Os novos n\u00fameros divulgados apontam que 1605 pessoas foram infectadas na cidade desde o inicio da pandemia. Desse total, 1554 casos est\u00e3o classificados como curados da doen\u00e7a, ap\u00f3s passarem pelo per\u00edodo de recupera\u00e7\u00e3o. O boletim &hellip;<\/p>\n","protected":false},"author":1,"featured_media":6872,"comment_status":"open","ping_status":"open","sticky":false,"template":"","format":"standard","meta":{"_jetpack_newsletter_access":"","_jetpack_dont_email_post_to_subs":false,"_jetpack_newsletter_tier_id":0,"_jetpack_memberships_contains_paywalled_content":false,"_jetpack_memberships_contains_paid_content":false,"footnotes":""},"categories":[1],"tags":[],"class_list":["post-10854","post","type-post","status-publish","format-standard","has-post-thumbnail","hentry","category-destaque"],"jetpack_sharing_enabled":true,"jetpack_featured_media_url":"","_links":{"self":[{"href":"https:\/\/www.oparanews.com.br\/index.php\/wp-json\/wp\/v2\/posts\/10854","targetHints":{"allow":["GET"]}}],"collection":[{"href":"https:\/\/www.oparanews.com.br\/index.php\/wp-json\/wp\/v2\/posts"}],"about":[{"href":"https:\/\/www.oparanews.com.br\/index.php\/wp-json\/wp\/v2\/types\/post"}],"author":[{"embeddable":true,"href":"https:\/\/www.oparanews.com.br\/index.php\/wp-json\/wp\/v2\/users\/1"}],"replies":[{"embeddable":true,"href":"https:\/\/www.oparanews.com.br\/index.php\/wp-json\/wp\/v2\/comments?post=10854"}],"version-history":[{"count":0,"href":"https:\/\/www.oparanews.com.br\/index.php\/wp-json\/wp\/v2\/posts\/10854\/revisions"}],"wp:attachment":[{"href":"https:\/\/www.oparanews.com.br\/index.php\/wp-json\/wp\/v2\/media?parent=10854"}],"wp:term":[{"taxonomy":"category","embeddable":true,"href":"https:\/\/www.oparanews.com.br\/index.php\/wp-json\/wp\/v2\/categories?post=10854"},{"taxonomy":"post_tag","embeddable":true,"href":"https:\/\/www.oparanews.com.br\/index.php\/wp-json\/wp\/v2\/tags?post=10854"}],"curies":[{"name":"wp","href":"https:\/\/api.w.org\/{rel}","templated":true}]}}