{"id":10856,"date":"2020-11-20T11:24:22","date_gmt":"2020-11-20T11:24:22","guid":{"rendered":"https:\/\/oparanews.com.br\/?p=10856"},"modified":"2020-11-20T11:24:22","modified_gmt":"2020-11-20T11:24:22","slug":"homem-e-preso-suspeito-de-receptacao-de-veiculo-em-pilar","status":"publish","type":"post","link":"https:\/\/www.oparanews.com.br\/index.php\/2020\/11\/20\/homem-e-preso-suspeito-de-receptacao-de-veiculo-em-pilar\/","title":{"rendered":"Homem \u00e9 preso suspeito de recepta\u00e7\u00e3o de ve\u00edculo em Pilar"},"content":{"rendered":"<p>Um homem foi preso na noite desta quinta-feira (19) suspeito de recepta\u00e7\u00e3o de ve\u00edculo. A pris\u00e3o aconteceu na BR-316, em Pilar.<\/p>\n<p>De acordo com a Pol\u00edcia Rodovi\u00e1ria Federal (PRF), o motorista de um Argo na cor prata tentou fugir quando viu a fiscaliza\u00e7\u00e3o. A placa do ve\u00edculo estava adulterada.<\/p>\n<p>O carro pertence a uma locadora de ve\u00edculos e foi alugado em Lauro de Freitas, regi\u00e3o metropolitana de Salvador, em novembro de 2018 e at\u00e9 o momento n\u00e3o havia sido devolvido.<\/p>\n<p>O homem foi preso e encaminhado \u00e0 Central de Flagrantes de Macei\u00f3 e vai responder pelo crime de recepta\u00e7\u00e3o.<\/p>\n<p>&nbsp;<\/p>\n<p><strong>Fonte: G1\/AL<\/strong><\/p>\n<p>&nbsp;<\/p>\n","protected":false},"excerpt":{"rendered":"<p>Um homem foi preso na noite desta quinta-feira (19) suspeito de recepta\u00e7\u00e3o de ve\u00edculo. A pris\u00e3o aconteceu na BR-316, em Pilar. De acordo com a Pol\u00edcia Rodovi\u00e1ria Federal (PRF), o motorista de um Argo na cor prata tentou fugir quando viu a fiscaliza\u00e7\u00e3o. A placa do ve\u00edculo estava adulterada. O carro pertence a uma locadora &hellip;<\/p>\n","protected":false},"author":1,"featured_media":10857,"comment_status":"open","ping_status":"open","sticky":false,"template":"","format":"standard","meta":{"_jetpack_newsletter_access":"","_jetpack_dont_email_post_to_subs":false,"_jetpack_newsletter_tier_id":0,"_jetpack_memberships_contains_paywalled_content":false,"_jetpack_memberships_contains_paid_content":false,"footnotes":""},"categories":[1],"tags":[],"class_list":["post-10856","post","type-post","status-publish","format-standard","has-post-thumbnail","hentry","category-destaque"],"jetpack_sharing_enabled":true,"jetpack_featured_media_url":"","_links":{"self":[{"href":"https:\/\/www.oparanews.com.br\/index.php\/wp-json\/wp\/v2\/posts\/10856","targetHints":{"allow":["GET"]}}],"collection":[{"href":"https:\/\/www.oparanews.com.br\/index.php\/wp-json\/wp\/v2\/posts"}],"about":[{"href":"https:\/\/www.oparanews.com.br\/index.php\/wp-json\/wp\/v2\/types\/post"}],"author":[{"embeddable":true,"href":"https:\/\/www.oparanews.com.br\/index.php\/wp-json\/wp\/v2\/users\/1"}],"replies":[{"embeddable":true,"href":"https:\/\/www.oparanews.com.br\/index.php\/wp-json\/wp\/v2\/comments?post=10856"}],"version-history":[{"count":0,"href":"https:\/\/www.oparanews.com.br\/index.php\/wp-json\/wp\/v2\/posts\/10856\/revisions"}],"wp:attachment":[{"href":"https:\/\/www.oparanews.com.br\/index.php\/wp-json\/wp\/v2\/media?parent=10856"}],"wp:term":[{"taxonomy":"category","embeddable":true,"href":"https:\/\/www.oparanews.com.br\/index.php\/wp-json\/wp\/v2\/categories?post=10856"},{"taxonomy":"post_tag","embeddable":true,"href":"https:\/\/www.oparanews.com.br\/index.php\/wp-json\/wp\/v2\/tags?post=10856"}],"curies":[{"name":"wp","href":"https:\/\/api.w.org\/{rel}","templated":true}]}}