{"id":10859,"date":"2020-11-20T11:30:31","date_gmt":"2020-11-20T11:30:31","guid":{"rendered":"https:\/\/oparanews.com.br\/?p=10859"},"modified":"2020-11-20T11:30:31","modified_gmt":"2020-11-20T11:30:31","slug":"cine-sao-francisco-sera-reinaugurado-na-abertura-do-circuito-penedo-de-cinema","status":"publish","type":"post","link":"https:\/\/www.oparanews.com.br\/index.php\/2020\/11\/20\/cine-sao-francisco-sera-reinaugurado-na-abertura-do-circuito-penedo-de-cinema\/","title":{"rendered":"Cine S\u00e3o Francisco ser\u00e1 reinaugurado na abertura do Circuito Penedo de Cinema"},"content":{"rendered":"<p>Um marco hist\u00f3rico do cinema brasileiro e da cidade de Penedo abre suas portas ao p\u00fablico na pr\u00f3xima segunda-feira, 23 de novembro, data da reinaugura\u00e7\u00e3o do Cine S\u00e3o Francisco.<\/p>\n<p>Joia rara da arquitetura modernista e local dos inesquec\u00edveis festivais nacionais de cinema, a exibi\u00e7\u00e3o de filmes volta ao Cine SF com a 10\u00aa edi\u00e7\u00e3o do Circuito Penedo de Cinema.<\/p>\n<p>A noite de abertura do circuito j\u00e1 consolidado no pa\u00eds p\u00f5e fim a praticamente 30 anos sem um projetor iluminando a tela e os olhares da plateia, na sala escura do Cine S\u00e3o Francisco.<\/p>\n<p><strong>Cinema mais moderno do NE<\/strong><\/p>\n<p>Inaugurado em 1959, o cineteatro era o maior e mais moderno do Nordeste brasileiro \u00e0 \u00e9poca, equipado com condicionadores de ar e capacidade de p\u00fablico para cerca de mil pessoas. O investimento feito pelo Comendador Jos\u00e9 da Silva Peixoto trouxe para o Centro Hist\u00f3rico de Penedo, junto com o Hotel S\u00e3o Francisco, lazer e hospedagem de alto padr\u00e3o.<\/p>\n<p>Hotel e espa\u00e7o cultural integrados tiveram seu auge entre 1977 e 1982, per\u00edodo de realiza\u00e7\u00e3o do Festival Nacional de Cinema, evento abandonado pelo poder p\u00fablico e que passou a ser realizado em Gramado-RS.<\/p>\n<p><strong>Crise das salas de cinema<\/strong><\/p>\n<p>Com o decl\u00ednio das salas de cinema no Brasil e a concentra\u00e7\u00e3o dos equipamentos em shopping centers, o Cine S\u00e3o Francisco tamb\u00e9m entrou em crise. Sem p\u00fablico, encerrou a exibi\u00e7\u00e3o de filmes em 1993. Depois disso, apenas alguns poucos eventos (gincana estudantil e festival de tradi\u00e7\u00f5es populares) foram realizados no local.<\/p>\n<p>Por fim, o Cine SF foi alugado para a realiza\u00e7\u00e3o de cultos evang\u00e9licos, at\u00e9 cessar todo tipo de uso. Em per\u00edodo mais recente, quase foi adaptado para funcionar como estacionamento de ve\u00edculos, ganhando vida nova gra\u00e7as ao Iphan Alagoas e a Prefeitura de Penedo.<\/p>\n<p><a href=\"https:\/\/oparanews.com.br\/wp-content\/uploads\/2020\/11\/cine-sao-francisco-penedo2.jpg\"><img loading=\"lazy\" decoding=\"async\" class=\"aligncenter size-full wp-image-10861\" src=\"https:\/\/oparanews.com.br\/wp-content\/uploads\/2020\/11\/cine-sao-francisco-penedo2.jpg\" alt=\"\" width=\"960\" height=\"720\" \/><\/a><\/p>\n<p><strong>Cinema e Centro de Conven\u00e7\u00f5es<\/strong><\/p>\n<p>Al\u00e9m de recuperar e modernizar os equipamentos do cineteatro, o majestoso espa\u00e7o torna-se tamb\u00e9m o Centro de Conven\u00e7\u00f5es da cidade cuja gest\u00e3o \u00e9 refer\u00eancia positiva no PAC Cidades Hist\u00f3ricas, programa desenvolvido pelo governo federal para restaura\u00e7\u00e3o e preserva\u00e7\u00e3o da mem\u00f3ria nacional.<\/p>\n<p><strong>Circuito Penedo de Cinema<\/strong><\/p>\n<p>Praticamente pronto, o novo Cine S\u00e3o Francisco recome\u00e7a sua trajet\u00f3ria com a 10\u00aa edi\u00e7\u00e3o do Circuito Penedo de Cinema.<\/p>\n<p>O projeto de incentivo \u00e0 produ\u00e7\u00e3o audiovisual realizado pela Universidade Federal de Alagoas (Ufal), em parceria com o Governo de Alagoas e o Instituto de Estudos Culturais, Pol\u00edticos e Sociais do Homem (IECPS), tem patroc\u00ednio do Sebrae, da Prefeitura de Penedo e do Comit\u00ea da Bacia Hidrogr\u00e1fica do S\u00e3o Francisco (CBHSF).<\/p>\n<p>Por conta da pandemia do novo coronav\u00edrus, a edi\u00e7\u00e3o 2020 do Circuito Penedo ocorrer\u00e1 de forma h\u00edbrida.<\/p>\n<p>\u201cN\u00f3s teremos a exibi\u00e7\u00e3o de filmes no Cine S\u00e3o Francisco de segunda at\u00e9 domingo, quando acontece o encerramento e a premia\u00e7\u00e3o. Algumas dessas sess\u00f5es ser\u00e3o transmitidas pela Internet e todos os filmes das mostras competitivas estar\u00e3o dispon\u00edveis no site do Circuito\u201d, explica o professor e cineasta S\u00e9rgio Onofre, um dos respons\u00e1veis pelo trabalho que trouxe o cinema de volta para Penedo.<\/p>\n<p><strong>P\u00fablico na sala ser\u00e1 limitado<\/strong><\/p>\n<p>Ainda em fun\u00e7\u00e3o da Covid, a lota\u00e7\u00e3o do Cine SF ser\u00e1 limitada para 240 pessoas, ainda sem as poltronas que est\u00e3o em processo de licita\u00e7\u00e3o pelo governo estadual, parceiro da empreitada. Por isso, a disposi\u00e7\u00e3o dos assentos provis\u00f3rios obedecer\u00e1 a regra de distanciamento m\u00ednimo entre as pessoas.<\/p>\n<p>No acesso do p\u00fablico, a organiza\u00e7\u00e3o do evento far\u00e1 aferi\u00e7\u00e3o de temperatura corporal, disponibilizar\u00e1 \u00e1lcool 70% e m\u00e1scara descart\u00e1vel.<\/p>\n<p><strong>Filmes e m\u00fasica na 12 de Abril<\/strong><\/p>\n<p>Tamb\u00e9m por conta da pandemia, os filmes de indica\u00e7\u00e3o livre voltam a ser exibidos como nas primeiras edi\u00e7\u00f5es do Circuito: em espa\u00e7o aberto, na Pra\u00e7a 12 de Abril, situada no Pa\u00e7o Municipal, orla ribeirinha de Penedo.<\/p>\n<p>As atra\u00e7\u00f5es musicais tamb\u00e9m foram afetadas pela Covid, limitadas a bandas com at\u00e9 tr\u00eas integrantes ou artista solo. As apresenta\u00e7\u00f5es acontecem no final de semana, a partir da noite de sexta-feira, 27, no palco que ser\u00e1 montado na Pra\u00e7a 12 de Abril.<\/p>\n<p><strong>Oficina no Tabuleiro dos Negros<\/strong><\/p>\n<p>S\u00e9rgio Onofre informa tamb\u00e9m que apenas uma oficina de produ\u00e7\u00e3o cinematogr\u00e1fica ser\u00e1 realizada de forma presencial nesta edi\u00e7\u00e3o do Circuito Penedo, atendendo a comunidade remanescente quilombola Tabuleiro dos Negros.<\/p>\n<p>As demais oficinas, mesas redondas, debates e confer\u00eancias ocorrem de forma virtual (<a href=\"https:\/\/circuitopenedodecinema.com.br\/\"><strong>confira toda a programa\u00e7\u00e3o clicando aqui<\/strong><\/a>).<\/p>\n<p><a href=\"https:\/\/oparanews.com.br\/wp-content\/uploads\/2020\/11\/circuito-penedo-cinema-marcius.jpg\"><img loading=\"lazy\" decoding=\"async\" class=\"aligncenter size-full wp-image-10862\" src=\"https:\/\/oparanews.com.br\/wp-content\/uploads\/2020\/11\/circuito-penedo-cinema-marcius.jpg\" alt=\"\" width=\"960\" height=\"640\" \/><\/a><\/p>\n<p>As cerim\u00f4nias de abertura e de encerramento tamb\u00e9m ser\u00e3o transmitidas pela web, estrat\u00e9gia que amplia o acesso ao festival. A exce\u00e7\u00e3o para internautas ser\u00e3o os longas metragens, devido a quest\u00f5es comerciais relacionadas com as empresas distribuidoras dos filmes.<\/p>\n<p><strong>E quais s\u00e3o as atra\u00e7\u00f5es da 10\u00aa edi\u00e7\u00e3o do Circuito?<\/strong><\/p>\n<p>Entre os artistas mais conhecido do p\u00fablico geral, S\u00e9rgio Onofre destaca a presen\u00e7a do ator Matheus Nachtergaele e das atrizes Jessica Ellen e Mariana Ruggiero.<\/p>\n<p>Entre os que trabalham por tr\u00e1s das c\u00e2meras, Penedo recebe os premiados diretores pernambucanos Cl\u00e1udio Assis (Amarelo Manga, Febre do Rato, Baixio das Bestas, Big Jato) e L\u00edrio Ferreira (Baile Perfumado, \u00c1rido Movie, O Homem Que Engarrafava Nuvens).<\/p>\n<p>O paraibano Marcus Vilar tamb\u00e9m participa do Circuito, trazendo em sua bagagem um document\u00e1rio sobre o m\u00fasico Jackson do Pandeiro.<\/p>\n<p>O longa-metragem a ser exibido na estreia da 10\u00aa edi\u00e7\u00e3o do Circuito Penedo de Cinema \u00e9 Acqua Movie, dirigido por L\u00edrio Ferreira, com as atrizes Alessandra Negrini, Marcelia Cartaxo e Zezita Matos no elenco.<\/p>\n<p><a href=\"https:\/\/oparanews.com.br\/wp-content\/uploads\/2020\/11\/piedade.jpg\"><img loading=\"lazy\" decoding=\"async\" class=\"aligncenter size-full wp-image-10863\" src=\"https:\/\/oparanews.com.br\/wp-content\/uploads\/2020\/11\/piedade.jpg\" alt=\"\" width=\"512\" height=\"341\" \/><\/a><\/p>\n<p>No encerramento, a telona do Cine SF ganha a proje\u00e7\u00e3o de Piedade, filme dirigido por Claudio Assis, com Fernanda Montenegro, Cau\u00e3 Reymond, Matheus Nachtergaele e Irandhir Santos, ator que em 2017 esteve em Penedo, atendendo convite do circuito que chegou pra ficar.<\/p>\n<p>&nbsp;<\/p>\n<p><strong>por Fernando Vin\u00edcius \u2013 Decom PMP<\/strong><\/p>\n<p>&nbsp;<\/p>\n","protected":false},"excerpt":{"rendered":"<p>Um marco hist\u00f3rico do cinema brasileiro e da cidade de Penedo abre suas portas ao p\u00fablico na pr\u00f3xima segunda-feira, 23 de novembro, data da reinaugura\u00e7\u00e3o do Cine S\u00e3o Francisco. Joia rara da arquitetura modernista e local dos inesquec\u00edveis festivais nacionais de cinema, a exibi\u00e7\u00e3o de filmes volta ao Cine SF com a 10\u00aa edi\u00e7\u00e3o do &hellip;<\/p>\n","protected":false},"author":1,"featured_media":10860,"comment_status":"open","ping_status":"open","sticky":false,"template":"","format":"standard","meta":{"_jetpack_newsletter_access":"","_jetpack_dont_email_post_to_subs":false,"_jetpack_newsletter_tier_id":0,"_jetpack_memberships_contains_paywalled_content":false,"_jetpack_memberships_contains_paid_content":false,"footnotes":""},"categories":[1],"tags":[],"class_list":["post-10859","post","type-post","status-publish","format-standard","has-post-thumbnail","hentry","category-destaque"],"jetpack_sharing_enabled":true,"jetpack_featured_media_url":"","_links":{"self":[{"href":"https:\/\/www.oparanews.com.br\/index.php\/wp-json\/wp\/v2\/posts\/10859","targetHints":{"allow":["GET"]}}],"collection":[{"href":"https:\/\/www.oparanews.com.br\/index.php\/wp-json\/wp\/v2\/posts"}],"about":[{"href":"https:\/\/www.oparanews.com.br\/index.php\/wp-json\/wp\/v2\/types\/post"}],"author":[{"embeddable":true,"href":"https:\/\/www.oparanews.com.br\/index.php\/wp-json\/wp\/v2\/users\/1"}],"replies":[{"embeddable":true,"href":"https:\/\/www.oparanews.com.br\/index.php\/wp-json\/wp\/v2\/comments?post=10859"}],"version-history":[{"count":0,"href":"https:\/\/www.oparanews.com.br\/index.php\/wp-json\/wp\/v2\/posts\/10859\/revisions"}],"wp:attachment":[{"href":"https:\/\/www.oparanews.com.br\/index.php\/wp-json\/wp\/v2\/media?parent=10859"}],"wp:term":[{"taxonomy":"category","embeddable":true,"href":"https:\/\/www.oparanews.com.br\/index.php\/wp-json\/wp\/v2\/categories?post=10859"},{"taxonomy":"post_tag","embeddable":true,"href":"https:\/\/www.oparanews.com.br\/index.php\/wp-json\/wp\/v2\/tags?post=10859"}],"curies":[{"name":"wp","href":"https:\/\/api.w.org\/{rel}","templated":true}]}}