{"id":10865,"date":"2020-11-20T13:48:38","date_gmt":"2020-11-20T13:48:38","guid":{"rendered":"https:\/\/oparanews.com.br\/?p=10865"},"modified":"2020-11-20T13:48:38","modified_gmt":"2020-11-20T13:48:38","slug":"homem-negro-e-espancado-e-morto-em-supermercado-em-porto-alegre","status":"publish","type":"post","link":"https:\/\/www.oparanews.com.br\/index.php\/2020\/11\/20\/homem-negro-e-espancado-e-morto-em-supermercado-em-porto-alegre\/","title":{"rendered":"Homem negro \u00e9 espancado e morto em supermercado em Porto Alegre"},"content":{"rendered":"<p>Um homem negro foi espancado e morto por dois homens brancos em uma unidade do supermercado Carrefour no bairro Passo D&#8217;Areia, na zona norte de Porto Alegre, no Rio Grande do Sul, na noite de quinta-feira, 19, v\u00e9spera do Dia da Consci\u00eancia Negra. Informa\u00e7\u00f5es preliminares apontam que um dos agressores \u00e9 seguran\u00e7a do local e o outro \u00e9 um policial militar tempor\u00e1rio que fazia compras no local. A v\u00edtima, Jo\u00e3o Alberto Silveira Freitas, tinha 40 anos.<\/p>\n<p>A Pol\u00edcia Civil do Estado investiga o crime. Os dois homens foram presos em flagrante. O seguran\u00e7a permanece no Pal\u00e1cio da Pol\u00edcia de Porto Alegre, enquanto o policial foi encaminhado para um pres\u00eddio da Brigada Militar (BM). Uma manifesta\u00e7\u00e3o em frente ao supermercado est\u00e1 prevista para as 18 horas desta sexta-feira, 20.<\/p>\n<p>Pelo twitter, o vice-governador do Rio Grande do Sul e secret\u00e1rio estadual da Seguran\u00e7a P\u00fablica, Ranolfo Vieira J\u00fanior, condenou a a\u00e7\u00e3o violenta dentro do supermercado e disse que ir\u00e1 apurar exaustivamente o caso. &#8220;Vamos apurar esse fato a sua exaust\u00e3o, n\u00e3o podemos admitir a\u00e7\u00f5es dessa natureza&#8221;, afirmou ele.<\/p>\n<p>V\u00eddeos compartilhados nas redes sociais mostram parte das agress\u00f5es e o momento que o cliente \u00e9 atendido por socorristas. Em uma das grava\u00e7\u00f5es, o homem \u00e9 derrubado e atingido por ao menos 12 socos. Ao fundo, uma pessoa grita &#8220;vamos chamar a Brigada (Militar)&#8221;.<\/p>\n<p>Uma mulher vestindo uma camisa branca e um crach\u00e1, que tamb\u00e9m seria funcion\u00e1ria do supermercado, aparece ao lado dos agressores, filmando a a\u00e7\u00e3o. Ela j\u00e1 foi identificada e ser\u00e1 ouvida. Outro registro mostra a v\u00edtima desacordada, enquanto h\u00e1 marcas de sangue no ch\u00e3o.<\/p>\n<p>De acordo com o delegado Leandro Bodoia, plantonista da Delegacia de Homic\u00eddio e Prote\u00e7\u00e3o \u00e0 Pessoa (DHPP), teria havido um desentendimento entre a v\u00edtima e os seguran\u00e7as. Testemunhas disseram que Jo\u00e3o Alberto fez &#8220;gestos agressivos&#8221; dentro do supermercado ao passar as compras no caixa. &#8220;N\u00e3o foi nada muito grave&#8221;, diz o delegado.<\/p>\n<p>Neste momento, os seguran\u00e7as foram chamados e o conduziram para fora da loja. A esposa da v\u00edtima seguiu dentro do estabelecimento, finalizando a compra.<\/p>\n<p>Segundo Bodoia, c\u00e2meras de seguran\u00e7a mostraram o homem desferindo um soco no seguran\u00e7a. Neste momento teriam come\u00e7ado as agress\u00f5es. Uma ambul\u00e2ncia do Samu foi ao local e tentou reanim\u00e1-lo, mas ele n\u00e3o resistiu.<\/p>\n<p>O delegado afirma ainda que nenhuma arma foi usada no crime. A per\u00edcia no local foi realizada no fim da noite de quinta-feira. A pol\u00edcia vai analisar as imagens de c\u00e2meras de seguran\u00e7a e de testemunhas e vai colher depoimentos.<\/p>\n<p>O caso foi encaminhado para a 2\u00aa Delegacia de Pol\u00edcia de Homic\u00eddios e Prote\u00e7\u00e3o \u00e0 Pessoa (DPHPP), sob a responsabilidade da delegada Roberta Bertoldo, que prosseguir\u00e1 com a investiga\u00e7\u00e3o dos fatos.<\/p>\n<p>&#8220;A gente gritava &#8216;t\u00e3o matando o cara&#8217;, mas continuaram at\u00e9 ele parar de respirar&#8221;, diz testemunha<\/p>\n<p>Vizinho da v\u00edtima, Paul\u00e3o Paquet\u00e1 contou ao Estad\u00e3o ter testemunhado as agress\u00f5es. &#8220;Estava chegando no local na hora das agress\u00f5es. Eu estava a uns 10 metros quando come\u00e7ou. Tentamos intervir, mas n\u00e3o conseguimos&#8221;, relata.<\/p>\n<p>Paul\u00e3o diz que a esposa da v\u00edtima tamb\u00e9m viu o espancamento, mas foi impedida de intervir. &#8220;Ela viu o marido sendo morto.&#8221;<\/p>\n<p>Segundo ele, cerca de outros oito seguran\u00e7as ficaram no entorno da \u00e1rea, impedindo a aproxima\u00e7\u00e3o das pessoas que tentavam parar com as agress\u00f5es. &#8220;N\u00e3o pararam. A gente gritava &#8216;t\u00e3o matando o cara&#8217;, mas continuaram at\u00e9 ele parar de respirar, fizeram a imobiliza\u00e7\u00e3o com o joelho no pesco\u00e7o do Beto, tipo como foi com o americano (George Floyd, morto por policiais neste ano nos Estados Unidos).&#8221;<\/p>\n<p>Presidente da Associa\u00e7\u00e3o de Moradores e Amigos do Obirici, Paul\u00e3o estima que as agress\u00f5es duraram cerca de 7 minutos. Ele diz que motoboys que filmaram a viol\u00eancia tiveram os celulares tomados para n\u00e3o registrar toda a a\u00e7\u00e3o. &#8220;Quando viram que ele parou de respirar, se apavoraram. Chamaram a Brigada (Militar), que isolou ali e a Samu tentou reanimar.&#8221;<\/p>\n<p>Segundo o l\u00edder comunit\u00e1rio, a v\u00edtima morava no IAPI, bairro nas proximidades do supermercado. &#8220;N\u00e3o \u00e9 primeira ocorr\u00eancia do tipo. \u00c9 a primeira de \u00f3bito. Todo mundo sabe que s\u00e3o agressores (seguran\u00e7as do local) mesmo.&#8221;<\/p>\n<p>&#8220;\u00c9 muito dif\u00edcil. Revolta pela maneira que ele foi morto brutalmente. Ser humano nenhum merece ser agredido daquela jeito, ter a vida ceifada de maneira t\u00e3o brutal, t\u00e3o animal.&#8221;<\/p>\n<p>&nbsp;<\/p>\n<p><strong>Fonte: Terra<\/strong><\/p>\n<p>&nbsp;<\/p>\n","protected":false},"excerpt":{"rendered":"<p>Um homem negro foi espancado e morto por dois homens brancos em uma unidade do supermercado Carrefour no bairro Passo D&#8217;Areia, na zona norte de Porto Alegre, no Rio Grande do Sul, na noite de quinta-feira, 19, v\u00e9spera do Dia da Consci\u00eancia Negra. Informa\u00e7\u00f5es preliminares apontam que um dos agressores \u00e9 seguran\u00e7a do local e &hellip;<\/p>\n","protected":false},"author":1,"featured_media":10866,"comment_status":"open","ping_status":"open","sticky":false,"template":"","format":"standard","meta":{"_jetpack_newsletter_access":"","_jetpack_dont_email_post_to_subs":false,"_jetpack_newsletter_tier_id":0,"_jetpack_memberships_contains_paywalled_content":false,"_jetpack_memberships_contains_paid_content":false,"footnotes":""},"categories":[1],"tags":[],"class_list":["post-10865","post","type-post","status-publish","format-standard","has-post-thumbnail","hentry","category-destaque"],"jetpack_sharing_enabled":true,"jetpack_featured_media_url":"","_links":{"self":[{"href":"https:\/\/www.oparanews.com.br\/index.php\/wp-json\/wp\/v2\/posts\/10865","targetHints":{"allow":["GET"]}}],"collection":[{"href":"https:\/\/www.oparanews.com.br\/index.php\/wp-json\/wp\/v2\/posts"}],"about":[{"href":"https:\/\/www.oparanews.com.br\/index.php\/wp-json\/wp\/v2\/types\/post"}],"author":[{"embeddable":true,"href":"https:\/\/www.oparanews.com.br\/index.php\/wp-json\/wp\/v2\/users\/1"}],"replies":[{"embeddable":true,"href":"https:\/\/www.oparanews.com.br\/index.php\/wp-json\/wp\/v2\/comments?post=10865"}],"version-history":[{"count":0,"href":"https:\/\/www.oparanews.com.br\/index.php\/wp-json\/wp\/v2\/posts\/10865\/revisions"}],"wp:attachment":[{"href":"https:\/\/www.oparanews.com.br\/index.php\/wp-json\/wp\/v2\/media?parent=10865"}],"wp:term":[{"taxonomy":"category","embeddable":true,"href":"https:\/\/www.oparanews.com.br\/index.php\/wp-json\/wp\/v2\/categories?post=10865"},{"taxonomy":"post_tag","embeddable":true,"href":"https:\/\/www.oparanews.com.br\/index.php\/wp-json\/wp\/v2\/tags?post=10865"}],"curies":[{"name":"wp","href":"https:\/\/api.w.org\/{rel}","templated":true}]}}