{"id":10868,"date":"2020-11-20T13:52:55","date_gmt":"2020-11-20T13:52:55","guid":{"rendered":"https:\/\/oparanews.com.br\/?p=10868"},"modified":"2020-11-20T13:52:55","modified_gmt":"2020-11-20T13:52:55","slug":"carnaval-deveria-ser-so-em-2022-diz-martinho-da-vila","status":"publish","type":"post","link":"https:\/\/www.oparanews.com.br\/index.php\/2020\/11\/20\/carnaval-deveria-ser-so-em-2022-diz-martinho-da-vila\/","title":{"rendered":"&#8220;Carnaval deveria ser s\u00f3 em 2022&#8221;, diz Martinho da Vila"},"content":{"rendered":"<p>Nesta sexta (20), dia em que \u00e9 celebrado o Dia Nacional da Consci\u00eancia Negra e Dia de Zumbi dos Palmares, Martinho da Vila disponibiliza em todas plataformas de m\u00fasica, &#8220;Rio S\u00f3 Vendo a Vista&#8221;.<\/p>\n<p>O novo \u00e1lbum do cantor e compositor carioca re\u00fane 12 faixas, sendo cinco in\u00e9ditas e sete releituras, como uma homenagem ao Rio de Janeiro. Al\u00e9m de cantar as belezas de sua cidade natal, o sambista re\u00fane a fam\u00edlia e transforma o disco em uma celebra\u00e7\u00e3o \u00e0 cidade maravilhosa.<\/p>\n<p>O \u00e1lbum traz uma dedicat\u00f3ria para sua mulher Cleo em &#8220;Minha Preta, Minha Branca&#8221;. Martinho divide os vocais com as filhas Ma\u00edra Freitas, Mart&#8217;n\u00e1lia em \u201cAssim N\u00e3o Zambi\u201d e &#8220;Menina da Rua&#8221;, respectivamente. E pela primeira vez tem a filha ca\u00e7ula, Alegria, presente no est\u00fadio para participar das grava\u00e7\u00f5es.<\/p>\n<p>No in\u00edc\u00edo da semana, troquei uma ideia com Martinho, por telefone, sobre &#8220;Rio S\u00f3 Vendo a Vista&#8221;. Com a habitual voz tranquila e doce, ele me contou como foram as grava\u00e7\u00f5es em fam\u00edlia, sobre a homenagem que receber\u00e1 da Vila Isabel no pr\u00f3ximo Carnaval e disse que usou o isolamento para escrever um novo livro.<\/p>\n<p>Comecei a conversa dizendo que eu tinha gostado muito do disco e ele me respondeu dizendo: &#8220;Fico feliz quando consigo emocionar. \u00c9 a maneira que tenho certeza que pratiquei bem meu of\u00edcio&#8221;. Leia abaixo os principais momentos da nossa conversa:<\/p>\n<p><strong>Adriana de Barros: Voc\u00ea j\u00e1 come\u00e7a o disco homenageando Noel Rosa, que assim como voc\u00ea, foi uma cria de Vila Isabel, e um dos maiores nomes da m\u00fasica do Brasil. Como voc\u00ea acha que Noel olharia para a atual fase do samba no pa\u00eds? E voc\u00ea, como \u00e9 olhar o samba t\u00e3o em alta com jovens artistas se destacando?<\/strong><br \/>\nMartinho da Vila: Eu acho que ele ficaria bastante feliz e orgulhoso de si. Ele faz parte de um grupo que eram todos brancos, como ele. Ele n\u00e3o gostava muito de cantar samba porque era m\u00fasica de preto. A\u00ed o ele [Noel] subiu o morro, trocou figurinhas com os grandes, bebeu na fonte deles e trouxe o samba para a sociedade carioca. Ent\u00e3o, acredito que ele estaria contente com o resultado de tudo isso. Eu tamb\u00e9m fico feliz por essa mo\u00e7ada que desponta no samba e fico torcendo para que eles entendam do seu of\u00edcio e tamb\u00e9m conhe\u00e7am suas capacidades. Que eles entendam que a arte de cantar n\u00e3o \u00e9 s\u00f3 cantar. A arte de cantar \u00e9 interpretar e emocionar.<\/p>\n<p><strong>&#8220;Rio s\u00f3 vendo a Vista&#8221; \u00e9 uma homenagem ao Rio de Janeiro com um olhar sobre suas belezas e riquezas culturais. Em quais momentos o &#8220;Rio \u00e9 um Grande Abacaxi&#8221;, como diz na letra?<\/strong><br \/>\n(rs) Essa letra quem fez foi o poeta Geraldo Carneiro, eu fiz a melodia. Ele sempre teve essa caracter\u00edstica e ele fala dos sub\u00farbios do Rio, da Zona Sul e de todas as particularidades do Rio. Pra conhecer o Rio s\u00f3 vendo a vista, tamb\u00e9m \u00e9 uma cidade que s\u00f3 vende a vista e mais nada.<\/p>\n<p><strong>Nesse \u00e1lbum, voc\u00ea canta o conv\u00edvio fraterno, a luta por justi\u00e7a social, o combate ao racismo, o respeito \u00e0s religi\u00f5es afros. Enfim, voc\u00ea aponta um caminho para o combate \u00e0 intoler\u00e2ncia. Qual Rio voc\u00ea gostaria de viver no futuro?<\/strong><br \/>\nGostaria de ver o Rio mais fraterno, com poder p\u00fablico melhor. Rio com menos contrastes sociais, com mais cuidado \u00e0s pessoas das favelas. \u00c0 noite, as luzes das favelas s\u00e3o lindas, mas quando amanhece n\u00e3o \u00e9 bem assim.<\/p>\n<p><strong>Podemos considerar esse \u00e1lbum de um encontro familiar? Afinal, tem homenagem pra sua mulher, em &#8220;Minha Preta Minha Branca&#8221;, voc\u00ea canta com suas filhas Mart&#8217;n\u00e1lia, Ma\u00edra Freitas e pela primeira vez com a Alegria, sua ca\u00e7ula. J\u00e1 era um plano ou foi acontecendo?<\/strong><br \/>\nFoi acontecendo, na verdade. Eu gosto muito de estar com elas e quando elas participam dos meus trabalhos fico muito feliz. A Mart&#8217;n\u00e1lia sempre me chama pra dar palpite no trabalho dela. Foi mesmo pra ficar juntos.<\/p>\n<p><strong>E como foi a estreia da Alegria?<\/strong><br \/>\nEu nem pensava que ela ia conseguir fazer. Pensei nela para uma participa\u00e7\u00e3o porque tinham todos os irm\u00e3os, pensei em coloc\u00e1-la em pequenas inser\u00e7\u00f5es. A\u00ed a Ma\u00edra Freitas chamou ela pra cantar e foi envolvendo ela de um jeito que aconteceu tudo. A m\u00fasica une e isso traz solidariedade tamb\u00e9m.<\/p>\n<p><strong>Essa semana foi anunciada pela LIESA (Liga das Escolas de Samba do Rio de Janeiro) que, se a vacina contra a Covid-19 for disponibilizada, os desfiles das escolas de samba do Grupo Especial ser\u00e3o nos dias 10 e 11 de julho de 2021. Qual sua opini\u00e3o sobre este Carnaval?<\/strong><br \/>\nNa minha opini\u00e3o n\u00e3o deveria ter Carnaval, eu sugeriria que eles esquecessem esse ano. Deixa o Carnaval de 2021 pra l\u00e1 e vamos fazer em 2022, quando que essa pandemia j\u00e1 foi. Acho que deveria passar em branco mesmo. O Carnaval em julho n\u00e3o \u00e9 muito legal. A\u00ed em 2022 as escolas n\u00e3o ter\u00e3o tempo para se preparar e o problema vai continuar. Queria que fosse em fevereiro porque al\u00e9m de ser homenageado no pr\u00f3ximo Carnaval pelo samba-enredo da Vila, \u00e9 meu anivers\u00e1rio. Nada de Carnaval em julho, vamos para fevereiro de 2022.<\/p>\n<p><strong>Como est\u00e3o seus dias de quarententa?<\/strong><br \/>\nFiz um livro de contos que j\u00e1 terminei. Ele chama-se &#8220;Contos Sensuais e Algo Mais&#8221;. Gastei meu tempo de quarentena com isso. Fora isso, n\u00e3o estou gostando. O que mais gosto de fazer na vida \u00e9 viajar. Ent\u00e3o, estar no palco fora do Rio de Janeiro, \u00e9 o que mais amo. Trabalho viajando e, no palco, realizo meu of\u00edcio. Isso t\u00e1 fazendo uma falta muito grande. N\u00e3o vejo a hora de retomar. Poder cantar e emocionar.<\/p>\n<p>&nbsp;<\/p>\n<p><strong>Fonte: Terra<\/strong><\/p>\n<p>&nbsp;<\/p>\n","protected":false},"excerpt":{"rendered":"<p>Nesta sexta (20), dia em que \u00e9 celebrado o Dia Nacional da Consci\u00eancia Negra e Dia de Zumbi dos Palmares, Martinho da Vila disponibiliza em todas plataformas de m\u00fasica, &#8220;Rio S\u00f3 Vendo a Vista&#8221;. O novo \u00e1lbum do cantor e compositor carioca re\u00fane 12 faixas, sendo cinco in\u00e9ditas e sete releituras, como uma homenagem ao &hellip;<\/p>\n","protected":false},"author":1,"featured_media":10869,"comment_status":"open","ping_status":"open","sticky":false,"template":"","format":"standard","meta":{"_jetpack_newsletter_access":"","_jetpack_dont_email_post_to_subs":false,"_jetpack_newsletter_tier_id":0,"_jetpack_memberships_contains_paywalled_content":false,"_jetpack_memberships_contains_paid_content":false,"footnotes":""},"categories":[1],"tags":[],"class_list":["post-10868","post","type-post","status-publish","format-standard","has-post-thumbnail","hentry","category-destaque"],"jetpack_sharing_enabled":true,"jetpack_featured_media_url":"","_links":{"self":[{"href":"https:\/\/www.oparanews.com.br\/index.php\/wp-json\/wp\/v2\/posts\/10868","targetHints":{"allow":["GET"]}}],"collection":[{"href":"https:\/\/www.oparanews.com.br\/index.php\/wp-json\/wp\/v2\/posts"}],"about":[{"href":"https:\/\/www.oparanews.com.br\/index.php\/wp-json\/wp\/v2\/types\/post"}],"author":[{"embeddable":true,"href":"https:\/\/www.oparanews.com.br\/index.php\/wp-json\/wp\/v2\/users\/1"}],"replies":[{"embeddable":true,"href":"https:\/\/www.oparanews.com.br\/index.php\/wp-json\/wp\/v2\/comments?post=10868"}],"version-history":[{"count":0,"href":"https:\/\/www.oparanews.com.br\/index.php\/wp-json\/wp\/v2\/posts\/10868\/revisions"}],"wp:attachment":[{"href":"https:\/\/www.oparanews.com.br\/index.php\/wp-json\/wp\/v2\/media?parent=10868"}],"wp:term":[{"taxonomy":"category","embeddable":true,"href":"https:\/\/www.oparanews.com.br\/index.php\/wp-json\/wp\/v2\/categories?post=10868"},{"taxonomy":"post_tag","embeddable":true,"href":"https:\/\/www.oparanews.com.br\/index.php\/wp-json\/wp\/v2\/tags?post=10868"}],"curies":[{"name":"wp","href":"https:\/\/api.w.org\/{rel}","templated":true}]}}