{"id":10874,"date":"2020-11-20T13:57:49","date_gmt":"2020-11-20T13:57:49","guid":{"rendered":"https:\/\/oparanews.com.br\/?p=10874"},"modified":"2020-11-20T13:57:49","modified_gmt":"2020-11-20T13:57:49","slug":"camara-municipal-de-penedo-aprova-auxilio-emergencial-para-artistas-e-entidades-culturais","status":"publish","type":"post","link":"https:\/\/www.oparanews.com.br\/index.php\/2020\/11\/20\/camara-municipal-de-penedo-aprova-auxilio-emergencial-para-artistas-e-entidades-culturais\/","title":{"rendered":"C\u00e2mara Municipal de Penedo aprova auxilio emergencial para artistas e entidades culturais"},"content":{"rendered":"<p>A C\u00e2mara Municipal de Penedo (CMP) aprovou nesta quinta-feira, 19, o Projeto de Lei n\u00ba 030\/2020 e Decreto Legislativo que concede t\u00edtulo honor\u00e1rio de cidad\u00e3o penedense.<\/p>\n<p>A primeira sess\u00e3o ordin\u00e1ria realizada ap\u00f3s a elei\u00e7\u00e3o 2020 foi marcada ainda por discursos dos parlamentares sobre o processo eleitoral e o resultado das urnas.<\/p>\n<p>Al\u00e9m de expressar o agradecimento pelos votos e apoio recebido dos familiares, apoiadores e equipe da campanha, cada representante do povo penedense destacou sua gratid\u00e3o a Deus, desejando boas vindas aos pr\u00f3ximos legisladores e enaltecendo a atua\u00e7\u00e3o dos que n\u00e3o obtiveram a reelei\u00e7\u00e3o.<\/p>\n<p>Encerrados os discursos, os vereadores aprovaram o PL 030\/2020, mat\u00e9ria que autoriza a concess\u00e3o do apoio financeiro para artistas e entidades culturais, conforme prev\u00ea a Lei Aldir Blanc.<\/p>\n<p>A categoria mais impactada pela pandemia da Covid-19 ter\u00e1 R$ 472.000,00 em Penedo, recurso enviado pela Uni\u00e3o a ser distribu\u00eddo aos que n\u00e3o receberam aux\u00edlio emergencial. Benefici\u00e1rios do Bolsa Fam\u00edlia e pessoas que recebem algum benef\u00edcio previdenci\u00e1rio tamb\u00e9m n\u00e3o receber\u00e3o parte da verba que tamb\u00e9m ser\u00e1 rateada por meio de editais.<\/p>\n<p>A C\u00e2mara Municipal de Penedo aprovou ainda o t\u00edtulo honor\u00e1rio de cidad\u00e3o penedense ao m\u00e9dico Lu\u00eds Silveira, indica\u00e7\u00e3o do Vereador Derivan Thomaz.<\/p>\n<p>O Presidente Marcelo Pereira informou que pretende \u2018limpar a pauta\u2019 da CMP para viabilizar a aprecia\u00e7\u00e3o do or\u00e7amento 2021. Por conta disso, mat\u00e9rias relacionadas com o Plano de Cargos, Carreira e Vencimentos dos servidores da Prefeitura de Penedo e com a previd\u00eancia municipal devem ser analisados na pr\u00f3xima sess\u00e3o que ocorre em dia e hor\u00e1rio regimental, ou seja, todas as quintas-feiras, a partir das 14h30.<\/p>\n<p>&nbsp;<\/p>\n<p><strong>Fonte: Assessoria<\/strong><\/p>\n<p>&nbsp;<\/p>\n","protected":false},"excerpt":{"rendered":"<p>A C\u00e2mara Municipal de Penedo (CMP) aprovou nesta quinta-feira, 19, o Projeto de Lei n\u00ba 030\/2020 e Decreto Legislativo que concede t\u00edtulo honor\u00e1rio de cidad\u00e3o penedense. A primeira sess\u00e3o ordin\u00e1ria realizada ap\u00f3s a elei\u00e7\u00e3o 2020 foi marcada ainda por discursos dos parlamentares sobre o processo eleitoral e o resultado das urnas. Al\u00e9m de expressar o &hellip;<\/p>\n","protected":false},"author":1,"featured_media":10875,"comment_status":"open","ping_status":"open","sticky":false,"template":"","format":"standard","meta":{"_jetpack_newsletter_access":"","_jetpack_dont_email_post_to_subs":false,"_jetpack_newsletter_tier_id":0,"_jetpack_memberships_contains_paywalled_content":false,"_jetpack_memberships_contains_paid_content":false,"footnotes":""},"categories":[1],"tags":[],"class_list":["post-10874","post","type-post","status-publish","format-standard","has-post-thumbnail","hentry","category-destaque"],"jetpack_sharing_enabled":true,"jetpack_featured_media_url":"","_links":{"self":[{"href":"https:\/\/www.oparanews.com.br\/index.php\/wp-json\/wp\/v2\/posts\/10874","targetHints":{"allow":["GET"]}}],"collection":[{"href":"https:\/\/www.oparanews.com.br\/index.php\/wp-json\/wp\/v2\/posts"}],"about":[{"href":"https:\/\/www.oparanews.com.br\/index.php\/wp-json\/wp\/v2\/types\/post"}],"author":[{"embeddable":true,"href":"https:\/\/www.oparanews.com.br\/index.php\/wp-json\/wp\/v2\/users\/1"}],"replies":[{"embeddable":true,"href":"https:\/\/www.oparanews.com.br\/index.php\/wp-json\/wp\/v2\/comments?post=10874"}],"version-history":[{"count":0,"href":"https:\/\/www.oparanews.com.br\/index.php\/wp-json\/wp\/v2\/posts\/10874\/revisions"}],"wp:attachment":[{"href":"https:\/\/www.oparanews.com.br\/index.php\/wp-json\/wp\/v2\/media?parent=10874"}],"wp:term":[{"taxonomy":"category","embeddable":true,"href":"https:\/\/www.oparanews.com.br\/index.php\/wp-json\/wp\/v2\/categories?post=10874"},{"taxonomy":"post_tag","embeddable":true,"href":"https:\/\/www.oparanews.com.br\/index.php\/wp-json\/wp\/v2\/tags?post=10874"}],"curies":[{"name":"wp","href":"https:\/\/api.w.org\/{rel}","templated":true}]}}