{"id":10877,"date":"2020-11-23T00:35:08","date_gmt":"2020-11-23T00:35:08","guid":{"rendered":"https:\/\/oparanews.com.br\/?p=10877"},"modified":"2020-11-23T00:35:08","modified_gmt":"2020-11-23T00:35:08","slug":"manifestacao-contra-o-racismo-e-realizada-em-maceio","status":"publish","type":"post","link":"https:\/\/www.oparanews.com.br\/index.php\/2020\/11\/23\/manifestacao-contra-o-racismo-e-realizada-em-maceio\/","title":{"rendered":"Manifesta\u00e7\u00e3o contra o racismo \u00e9 realizada em Macei\u00f3"},"content":{"rendered":"<p>Uma manifesta\u00e7\u00e3o contra o racismo e para pedir Justi\u00e7a para o caso do cidad\u00e3o negro Jo\u00e3o Alberto, que foi agredido a at\u00e9 a morte dentro de uma loja do Carrefour no Rio Grande do Sul, foi realizada na tarde deste domingo (22) na orla de Macei\u00f3.<\/p>\n<p>Com uma faixa com a frase &#8220;Vidas Negras Importam&#8221;, com cartazes e com frases sobre o racismo, os manifestantes pediram um basta para esse tipo de crime.<\/p>\n<p>V\u00e1rios integrantes de movimentos sociais e de partidos participaram do protesto como a Unidade Popular, Partido dos Trabalhadores (PT), Uni\u00e3o da Juventude e Rebeli\u00e3o, Movimento Correnteza, DCE Ufal, Movimento de Mulheres Olga Ben\u00e1rio, Alfronte Levante Popular e Psol.<\/p>\n<p>O caso do jovem negro que denunciou o supemercado GBarbosa por agress\u00e3o foi lembrado no ato. O advogado Basile Christopoulos, que representa o jovem participou do evento.<\/p>\n<p>&#8220;Foi um caso b\u00e1rbaro. Um jovem que aos 19 anos foi comprar um celular no supermercado GBarbosa da Feirinha do Tabuleiro e a\u00ed foi abordado por algu\u00e9m que se dizia policial e sofreu agress\u00f5es. Colocaram um saco na cabe\u00e7a dele, foi espancado violentamente. Ele fez um exame de corpo de delito no IML, fez um boletim de ocorr\u00eancia para punir aqueles que o torturaram e praticaram essa viol\u00eancia f\u00edsica, como tamb\u00e9m indeniza\u00e7\u00e3o do ponto de vista civil, porque foi uma viol\u00eancia muito triste. A fam\u00edlia est\u00e1 muito abalada com a situa\u00e7\u00e3o toda que ocorreu&#8221;, disse Basile.<\/p>\n<p>&#8220;Eu sou apoiador da causa antirracista. Eu acho que o Brasil \u00e9 um pa\u00eds que tem muito racismo ainda. Esses casos que estouraram nos \u00faltimos dias mostram como a gente precisa debater melhor a quest\u00e3o do racismo e educar a todos, brancos e negros, para que a gente possa ter uma sociedade mais justa, especialmente para aqueles negros que est\u00e3o morrendo todos os dias e muita gente n\u00e3o est\u00e1 fazendo nada&#8221;, disse o advogado.<\/p>\n<p>&nbsp;<\/p>\n<p><strong>Fonte: G1\/AL<\/strong><\/p>\n<p>&nbsp;<\/p>\n","protected":false},"excerpt":{"rendered":"<p>Uma manifesta\u00e7\u00e3o contra o racismo e para pedir Justi\u00e7a para o caso do cidad\u00e3o negro Jo\u00e3o Alberto, que foi agredido a at\u00e9 a morte dentro de uma loja do Carrefour no Rio Grande do Sul, foi realizada na tarde deste domingo (22) na orla de Macei\u00f3. Com uma faixa com a frase &#8220;Vidas Negras Importam&#8221;, &hellip;<\/p>\n","protected":false},"author":1,"featured_media":10878,"comment_status":"open","ping_status":"open","sticky":false,"template":"","format":"standard","meta":{"_jetpack_newsletter_access":"","_jetpack_dont_email_post_to_subs":false,"_jetpack_newsletter_tier_id":0,"_jetpack_memberships_contains_paywalled_content":false,"_jetpack_memberships_contains_paid_content":false,"footnotes":""},"categories":[1],"tags":[],"class_list":["post-10877","post","type-post","status-publish","format-standard","has-post-thumbnail","hentry","category-destaque"],"jetpack_sharing_enabled":true,"jetpack_featured_media_url":"","_links":{"self":[{"href":"https:\/\/www.oparanews.com.br\/index.php\/wp-json\/wp\/v2\/posts\/10877","targetHints":{"allow":["GET"]}}],"collection":[{"href":"https:\/\/www.oparanews.com.br\/index.php\/wp-json\/wp\/v2\/posts"}],"about":[{"href":"https:\/\/www.oparanews.com.br\/index.php\/wp-json\/wp\/v2\/types\/post"}],"author":[{"embeddable":true,"href":"https:\/\/www.oparanews.com.br\/index.php\/wp-json\/wp\/v2\/users\/1"}],"replies":[{"embeddable":true,"href":"https:\/\/www.oparanews.com.br\/index.php\/wp-json\/wp\/v2\/comments?post=10877"}],"version-history":[{"count":0,"href":"https:\/\/www.oparanews.com.br\/index.php\/wp-json\/wp\/v2\/posts\/10877\/revisions"}],"wp:attachment":[{"href":"https:\/\/www.oparanews.com.br\/index.php\/wp-json\/wp\/v2\/media?parent=10877"}],"wp:term":[{"taxonomy":"category","embeddable":true,"href":"https:\/\/www.oparanews.com.br\/index.php\/wp-json\/wp\/v2\/categories?post=10877"},{"taxonomy":"post_tag","embeddable":true,"href":"https:\/\/www.oparanews.com.br\/index.php\/wp-json\/wp\/v2\/tags?post=10877"}],"curies":[{"name":"wp","href":"https:\/\/api.w.org\/{rel}","templated":true}]}}