{"id":10882,"date":"2020-11-23T00:47:13","date_gmt":"2020-11-23T00:47:13","guid":{"rendered":"https:\/\/oparanews.com.br\/?p=10882"},"modified":"2020-11-23T00:47:13","modified_gmt":"2020-11-23T00:47:13","slug":"bolsonaro-anuncia-no-amapa-pagamento-de-energia-retroativo-a-30-dias","status":"publish","type":"post","link":"https:\/\/www.oparanews.com.br\/index.php\/2020\/11\/23\/bolsonaro-anuncia-no-amapa-pagamento-de-energia-retroativo-a-30-dias\/","title":{"rendered":"Bolsonaro anuncia no Amap\u00e1 pagamento de energia retroativo a 30 dias"},"content":{"rendered":"<p>Em visita ao estado do Amap\u00e1 a convite do presidente do Senado, Davi Alcolumbre, o presidente Jair Bolsonaro disse hoje (21), durante inspe\u00e7\u00e3o de usinas termel\u00e9tricas, que j\u00e1 consultou todos os \u00f3rg\u00e3os respons\u00e1veis e que est\u00e1 prestes a assinar uma medida provis\u00f3ria para isentar o estado do pagamento de energia retroativo a 30 dias.<\/p>\n<p>O presidente fez a afirma\u00e7\u00e3o durante entrevista coletiva transmitida pela TV Brasil. \u201cJ\u00e1 ouvimos todos os \u00f3rg\u00e3os respons\u00e1veis. Estamos na imin\u00eancia de assinar uma medida provis\u00f3ria para garantir regras compensat\u00f3rias a todos os prejudicados com a falta de energia. Estamos prontos para atender o estado do Amap\u00e1.\u201d<\/p>\n<p>O presidente afirmou ainda que h\u00e1 discuss\u00f5es com o ministro da Economia, Paulo Guedes, e com o presidente do Senado, Davi Alcolumbre, sobre outras medidas emergenciais para contornar a crise de energia no estado. O Minist\u00e9rio das Comunica\u00e7\u00f5es divulgou ontem (21) uma lista de \u00f3rg\u00e3os e de a\u00e7\u00f5es coordenadas pelo governo federal para a retomada do abastecimento el\u00e9trico na regi\u00e3o. O ministro de Minas e Energia, Bento Albuquerque, tamb\u00e9m est\u00e1 no Amap\u00e1 e acompanha os trabalhos.<\/p>\n<p>\u201cMesmo n\u00e3o sendo uma atribui\u00e7\u00e3o federal, n\u00f3s mergulhamos &#8211; em especial pelo pedido do presidente do Senado, Davi Alcolumbre. Podemos dizer que estamos nos aproximando dos 100% [de suprimento de energia el\u00e9trica]. Brevemente chegaremos \u00e0 plena sufici\u00eancia\u201d, afirmou Bolsonaro.<\/p>\n<p>Al\u00e9m da medida provis\u00f3ria,o Amap\u00e1 dever\u00e1 decretar estado de calamidade p\u00fablica, o que viabiliza verbas federais para antecipa\u00e7\u00e3o de pagamentos de seguro desemprego, Fundo de Garantia do Tempo de Servi\u00e7o (FGTS) e demais verbas previdenci\u00e1rias para a popula\u00e7\u00e3o.<\/p>\n<p>&nbsp;<\/p>\n<p><strong>Fonte: Ag\u00eancia Brasil<\/strong><\/p>\n<p>&nbsp;<\/p>\n","protected":false},"excerpt":{"rendered":"<p>Em visita ao estado do Amap\u00e1 a convite do presidente do Senado, Davi Alcolumbre, o presidente Jair Bolsonaro disse hoje (21), durante inspe\u00e7\u00e3o de usinas termel\u00e9tricas, que j\u00e1 consultou todos os \u00f3rg\u00e3os respons\u00e1veis e que est\u00e1 prestes a assinar uma medida provis\u00f3ria para isentar o estado do pagamento de energia retroativo a 30 dias. O &hellip;<\/p>\n","protected":false},"author":1,"featured_media":10883,"comment_status":"open","ping_status":"open","sticky":false,"template":"","format":"standard","meta":{"_jetpack_newsletter_access":"","_jetpack_dont_email_post_to_subs":false,"_jetpack_newsletter_tier_id":0,"_jetpack_memberships_contains_paywalled_content":false,"_jetpack_memberships_contains_paid_content":false,"footnotes":""},"categories":[1],"tags":[],"class_list":["post-10882","post","type-post","status-publish","format-standard","has-post-thumbnail","hentry","category-destaque"],"jetpack_sharing_enabled":true,"jetpack_featured_media_url":"","_links":{"self":[{"href":"https:\/\/www.oparanews.com.br\/index.php\/wp-json\/wp\/v2\/posts\/10882","targetHints":{"allow":["GET"]}}],"collection":[{"href":"https:\/\/www.oparanews.com.br\/index.php\/wp-json\/wp\/v2\/posts"}],"about":[{"href":"https:\/\/www.oparanews.com.br\/index.php\/wp-json\/wp\/v2\/types\/post"}],"author":[{"embeddable":true,"href":"https:\/\/www.oparanews.com.br\/index.php\/wp-json\/wp\/v2\/users\/1"}],"replies":[{"embeddable":true,"href":"https:\/\/www.oparanews.com.br\/index.php\/wp-json\/wp\/v2\/comments?post=10882"}],"version-history":[{"count":0,"href":"https:\/\/www.oparanews.com.br\/index.php\/wp-json\/wp\/v2\/posts\/10882\/revisions"}],"wp:attachment":[{"href":"https:\/\/www.oparanews.com.br\/index.php\/wp-json\/wp\/v2\/media?parent=10882"}],"wp:term":[{"taxonomy":"category","embeddable":true,"href":"https:\/\/www.oparanews.com.br\/index.php\/wp-json\/wp\/v2\/categories?post=10882"},{"taxonomy":"post_tag","embeddable":true,"href":"https:\/\/www.oparanews.com.br\/index.php\/wp-json\/wp\/v2\/tags?post=10882"}],"curies":[{"name":"wp","href":"https:\/\/api.w.org\/{rel}","templated":true}]}}