{"id":10894,"date":"2020-11-23T00:56:29","date_gmt":"2020-11-23T00:56:29","guid":{"rendered":"https:\/\/oparanews.com.br\/?p=10894"},"modified":"2020-11-23T00:56:29","modified_gmt":"2020-11-23T00:56:29","slug":"vacinacao-nos-eua-pode-iniciar-em-dezembro","status":"publish","type":"post","link":"https:\/\/www.oparanews.com.br\/index.php\/2020\/11\/23\/vacinacao-nos-eua-pode-iniciar-em-dezembro\/","title":{"rendered":"Vacina\u00e7\u00e3o nos EUA pode iniciar em dezembro"},"content":{"rendered":"<p>Os norte-americanos podem come\u00e7ar a receber a vacina contra a Covid-19 no dia 11 de dezembro, disse neste domingo (22) o chefe do programa de vacinas do governo dos Estados Unidos, o doutor Moncef Slaoui.<\/p>\n<p>Os consultores da Administra\u00e7\u00e3o de Alimentos e Medicamentos dos Estados Unidos (FDA, na sigla em ingl\u00eas) v\u00e3o se reunir no dia 10 de dezembro para discutir se autorizam a vacina de uso emergencial contra a Covid-19 desenvolvida pela Pfizer em parceria com a alem\u00e3 BioNTech.<\/p>\n<p>Se ela for aprovada, o plano do governo \u00e9 enviar as doses para os estados em at\u00e9 24 horas.<\/p>\n<p>No s\u00e1bado (22), os EUA ultrapassaram 12 milh\u00f5es de infec\u00e7\u00f5es por Covid-19<\/p>\n<p>Segundo a Pfizer, a vacina, que requer duas doses administradas com cerca de tr\u00eas semanas de intervalo, demonstrou ser 95% eficaz.<\/p>\n<p>A empresa tamb\u00e9m afirma que tem doses suficientes para proteger 25 milh\u00f5es de pessoas at\u00e9 o final do ano.<\/p>\n<p><strong>Distribui\u00e7\u00e3o das doses<\/strong><\/p>\n<p>A vacina ser\u00e1 distribu\u00edda com base na popula\u00e7\u00e3o de cada estado dos EUA, disse Slaoui. Cada um deles decidir\u00e1 quem recebe a vacina primeiro.<\/p>\n<p>Mas a recomenda\u00e7\u00e3o do governo \u00e9 de que seja dada prioridade aos profissionais de sa\u00fade, trabalhadores da linha de frente e idosos.<\/p>\n<p>Cerca de 70% da popula\u00e7\u00e3o precisa ser imunizada para obten\u00e7\u00e3o da imunidade coletiva, meta que o pa\u00eds pode atingir at\u00e9 maio, segundo Slaoui.<\/p>\n<p>&nbsp;<\/p>\n<p><strong>Fonte: G1<\/strong><\/p>\n<p>&nbsp;<\/p>\n<p>&nbsp;<\/p>\n","protected":false},"excerpt":{"rendered":"<p>Os norte-americanos podem come\u00e7ar a receber a vacina contra a Covid-19 no dia 11 de dezembro, disse neste domingo (22) o chefe do programa de vacinas do governo dos Estados Unidos, o doutor Moncef Slaoui. Os consultores da Administra\u00e7\u00e3o de Alimentos e Medicamentos dos Estados Unidos (FDA, na sigla em ingl\u00eas) v\u00e3o se reunir no &hellip;<\/p>\n","protected":false},"author":1,"featured_media":10895,"comment_status":"open","ping_status":"open","sticky":false,"template":"","format":"standard","meta":{"_jetpack_newsletter_access":"","_jetpack_dont_email_post_to_subs":false,"_jetpack_newsletter_tier_id":0,"_jetpack_memberships_contains_paywalled_content":false,"_jetpack_memberships_contains_paid_content":false,"footnotes":""},"categories":[1],"tags":[],"class_list":["post-10894","post","type-post","status-publish","format-standard","has-post-thumbnail","hentry","category-destaque"],"jetpack_sharing_enabled":true,"jetpack_featured_media_url":"","_links":{"self":[{"href":"https:\/\/www.oparanews.com.br\/index.php\/wp-json\/wp\/v2\/posts\/10894","targetHints":{"allow":["GET"]}}],"collection":[{"href":"https:\/\/www.oparanews.com.br\/index.php\/wp-json\/wp\/v2\/posts"}],"about":[{"href":"https:\/\/www.oparanews.com.br\/index.php\/wp-json\/wp\/v2\/types\/post"}],"author":[{"embeddable":true,"href":"https:\/\/www.oparanews.com.br\/index.php\/wp-json\/wp\/v2\/users\/1"}],"replies":[{"embeddable":true,"href":"https:\/\/www.oparanews.com.br\/index.php\/wp-json\/wp\/v2\/comments?post=10894"}],"version-history":[{"count":0,"href":"https:\/\/www.oparanews.com.br\/index.php\/wp-json\/wp\/v2\/posts\/10894\/revisions"}],"wp:attachment":[{"href":"https:\/\/www.oparanews.com.br\/index.php\/wp-json\/wp\/v2\/media?parent=10894"}],"wp:term":[{"taxonomy":"category","embeddable":true,"href":"https:\/\/www.oparanews.com.br\/index.php\/wp-json\/wp\/v2\/categories?post=10894"},{"taxonomy":"post_tag","embeddable":true,"href":"https:\/\/www.oparanews.com.br\/index.php\/wp-json\/wp\/v2\/tags?post=10894"}],"curies":[{"name":"wp","href":"https:\/\/api.w.org\/{rel}","templated":true}]}}