{"id":10897,"date":"2020-11-23T01:24:24","date_gmt":"2020-11-23T01:24:24","guid":{"rendered":"https:\/\/oparanews.com.br\/?p=10897"},"modified":"2020-11-23T01:24:24","modified_gmt":"2020-11-23T01:24:24","slug":"susto-grande-diz-apresentadora-da-tv-gazeta-apos-acidente-no-litoral-sul","status":"publish","type":"post","link":"https:\/\/www.oparanews.com.br\/index.php\/2020\/11\/23\/susto-grande-diz-apresentadora-da-tv-gazeta-apos-acidente-no-litoral-sul\/","title":{"rendered":"&#8216;Susto grande&#8217;, diz apresentadora da TV Gazeta ap\u00f3s acidente no Litoral Sul"},"content":{"rendered":"<p>A jornalista Sofia Sepreny, apresentadora da TV Gazeta, se manifestou neste s\u00e1bado (21) sobre o acidente que sofreu ontem em um trecho da rodovia AL-101 Sul, pr\u00f3ximo de Lagoa Azeda, povoado de Jequi\u00e1 da Praia, Litoral Sul de Alagoas.<\/p>\n<p>Por meio das redes sociais, a jornalista disse que passou por um susto grande, mas tranquilizou a todos e afirmou que ela e as duas amigas que estavam no ve\u00edculo est\u00e3o bem.<\/p>\n<p>&#8220;Comigo est\u00e1 tudo bem, gra\u00e7as a Deus. Queria muito agradecer, por mim e por minhas amigas, todas as mensagens de ora\u00e7\u00e3o, de positividade que voc\u00eas mandaram. Estamos bem. Minha amiga Larissa est\u00e1 bem. Minha amiga Mayra, que estava um pouco mais machucada, j\u00e1 est\u00e1 bem, j\u00e1 est\u00e1 em casa. Gra\u00e7as a Deus foi s\u00f3 isso. O resto foi dano material. Foi um susto grande. Mas estou passando para agradecer todas as mensagens e dizer que n\u00f3s tr\u00eas estamos bem. Foi s\u00f3 um susto daqueles&#8221;, disse a jornalista em seu perfil no Instagram.<\/p>\n<p>Sofia dirigia o ve\u00edculo e estava acompanhada de mais duas pessoas quando o carro foi atingido por uma roda de caminh\u00e3o. O acidente deixou uma pessoa ferida. Segundo informa\u00e7\u00f5es colhidas pelos militares do Batalh\u00e3o de Pol\u00edcia Rodovi\u00e1ria (BPRv) no local, o caminh\u00e3o seguia no sentido contr\u00e1rio do ve\u00edculo conduzido pela jornalista, quando a \u00faltima roda do lado esquerdo se soltou e bateu de frente no Volkswagen T Cross, acertando o motor do ve\u00edculo.<\/p>\n<p>&nbsp;<\/p>\n<p><strong>Fonte: TNH1<\/strong><\/p>\n<p>&nbsp;<\/p>\n","protected":false},"excerpt":{"rendered":"<p>A jornalista Sofia Sepreny, apresentadora da TV Gazeta, se manifestou neste s\u00e1bado (21) sobre o acidente que sofreu ontem em um trecho da rodovia AL-101 Sul, pr\u00f3ximo de Lagoa Azeda, povoado de Jequi\u00e1 da Praia, Litoral Sul de Alagoas. Por meio das redes sociais, a jornalista disse que passou por um susto grande, mas tranquilizou &hellip;<\/p>\n","protected":false},"author":1,"featured_media":10898,"comment_status":"open","ping_status":"open","sticky":false,"template":"","format":"standard","meta":{"_jetpack_newsletter_access":"","_jetpack_dont_email_post_to_subs":false,"_jetpack_newsletter_tier_id":0,"_jetpack_memberships_contains_paywalled_content":false,"_jetpack_memberships_contains_paid_content":false,"footnotes":""},"categories":[1],"tags":[],"class_list":["post-10897","post","type-post","status-publish","format-standard","has-post-thumbnail","hentry","category-destaque"],"jetpack_sharing_enabled":true,"jetpack_featured_media_url":"","_links":{"self":[{"href":"https:\/\/www.oparanews.com.br\/index.php\/wp-json\/wp\/v2\/posts\/10897","targetHints":{"allow":["GET"]}}],"collection":[{"href":"https:\/\/www.oparanews.com.br\/index.php\/wp-json\/wp\/v2\/posts"}],"about":[{"href":"https:\/\/www.oparanews.com.br\/index.php\/wp-json\/wp\/v2\/types\/post"}],"author":[{"embeddable":true,"href":"https:\/\/www.oparanews.com.br\/index.php\/wp-json\/wp\/v2\/users\/1"}],"replies":[{"embeddable":true,"href":"https:\/\/www.oparanews.com.br\/index.php\/wp-json\/wp\/v2\/comments?post=10897"}],"version-history":[{"count":0,"href":"https:\/\/www.oparanews.com.br\/index.php\/wp-json\/wp\/v2\/posts\/10897\/revisions"}],"wp:attachment":[{"href":"https:\/\/www.oparanews.com.br\/index.php\/wp-json\/wp\/v2\/media?parent=10897"}],"wp:term":[{"taxonomy":"category","embeddable":true,"href":"https:\/\/www.oparanews.com.br\/index.php\/wp-json\/wp\/v2\/categories?post=10897"},{"taxonomy":"post_tag","embeddable":true,"href":"https:\/\/www.oparanews.com.br\/index.php\/wp-json\/wp\/v2\/tags?post=10897"}],"curies":[{"name":"wp","href":"https:\/\/api.w.org\/{rel}","templated":true}]}}