{"id":10900,"date":"2020-11-23T01:27:43","date_gmt":"2020-11-23T01:27:43","guid":{"rendered":"https:\/\/oparanews.com.br\/?p=10900"},"modified":"2020-11-23T01:27:43","modified_gmt":"2020-11-23T01:27:43","slug":"tais-araujo-e-lazaro-ramos-revelam-que-estao-com-covid-19","status":"publish","type":"post","link":"https:\/\/www.oparanews.com.br\/index.php\/2020\/11\/23\/tais-araujo-e-lazaro-ramos-revelam-que-estao-com-covid-19\/","title":{"rendered":"Ta\u00eds Araujo e L\u00e1zaro Ramos revelam que est\u00e3o com covid-19"},"content":{"rendered":"<p>Ta\u00eds Araujo e L\u00e1zaro Ramos informaram aos seus seguidores que testaram positivo para Covid-19. Em publica\u00e7\u00e3o compartilhada por ambos no Instagram, o casal informou que est\u00e1 em isolamento com os dois filhos, Jo\u00e3o e Maria, e seguindo protocolos de seguran\u00e7a.<\/p>\n<p>&#8220;Querido amigos, hoje n\u00f3s estamos aqui para compartilhar com voc\u00eas que, infelizmente, nossa fam\u00edlia testou positivo para Covid-19. Como todos sabem, n\u00f3s caminhamos at\u00e9 aqui com todos os cuidados poss\u00edveis e seguindo todos os protocolos de seguran\u00e7a. Isto mostra que todos n\u00f3s ainda precisamos estar atentos porque a pandemia infelizmente est\u00e1 longe do fim&#8221;, aviso o texto assinado pelos dois.<\/p>\n<p>Tanto Ta\u00eds quanto L\u00e1zaro tiveram apenas sintomas leves. J\u00e1 as crian\u00e7as, Jo\u00e3o, de 9 anos, e Maria, de 5, est\u00e3o assintom\u00e1ticas. Mesmo assim, a fam\u00edlia optou pela quarentena para n\u00e3o transmitir o v\u00edrus para outras pessoas.<\/p>\n<p>&#8220;N\u00f3s dois e as crian\u00e7as, Jo\u00e3o e Maria, j\u00e1 estamos no meio da quarentena protocolada ao positivar a Covid 19. Estamos isolados e seguindo ainda mais rigorosamente todas as precau\u00e7\u00f5es m\u00e9dicas. Sentimos sintomas leves, e, para nosso al\u00edvio, as crian\u00e7as est\u00e3o assintom\u00e1ticas&#8221;, escreveu.<\/p>\n<p>O texto encerra-se pedindo que as pessoas reforcem os cuidados em meio a pandemia do coronav\u00edrus e n\u00e3o subestimem a doen\u00e7a.<\/p>\n<p>&#8220;Com f\u00e9, esperamos este tempo passar. Viemos aqui por respeito e para tranquilizar voc\u00eas, mas tamb\u00e9m para lembrar a todos da fragilidade humana e para pedir a todos que sigam se cuidando. N\u00f3s estamos bem, mas sabemos que fomos afortunados enquanto tantas vidas seguem se esvaindo aqui e no mundo. Se cuidem. Com amor, L\u00e1zaro e Ta\u00eds&#8221;, conclu\u00edram.<\/p>\n<p>O casal recebeu apoio de amigos e f\u00e3s nos coment\u00e1rios das publica\u00e7\u00f5es. &#8220;Voc\u00eas v\u00e3o passar por isso sem sustos. Carinho&#8221;, disse Boninho. &#8220;Melhoras amores!&#8221;, desejou Alinne Moraes. &#8220;Vai ficar tudo bem&#8221;, escreveu Thelma Assis. &#8220;Fiquem bem, queridos&#8221;, desejou Alessandra Maestrini.<\/p>\n<p>&nbsp;<\/p>\n<p><strong>Fonte: Terra<\/strong><\/p>\n<p>&nbsp;<\/p>\n","protected":false},"excerpt":{"rendered":"<p>Ta\u00eds Araujo e L\u00e1zaro Ramos informaram aos seus seguidores que testaram positivo para Covid-19. Em publica\u00e7\u00e3o compartilhada por ambos no Instagram, o casal informou que est\u00e1 em isolamento com os dois filhos, Jo\u00e3o e Maria, e seguindo protocolos de seguran\u00e7a. &#8220;Querido amigos, hoje n\u00f3s estamos aqui para compartilhar com voc\u00eas que, infelizmente, nossa fam\u00edlia testou &hellip;<\/p>\n","protected":false},"author":1,"featured_media":10901,"comment_status":"open","ping_status":"open","sticky":false,"template":"","format":"standard","meta":{"_jetpack_newsletter_access":"","_jetpack_dont_email_post_to_subs":false,"_jetpack_newsletter_tier_id":0,"_jetpack_memberships_contains_paywalled_content":false,"_jetpack_memberships_contains_paid_content":false,"footnotes":""},"categories":[1],"tags":[],"class_list":["post-10900","post","type-post","status-publish","format-standard","has-post-thumbnail","hentry","category-destaque"],"jetpack_sharing_enabled":true,"jetpack_featured_media_url":"","_links":{"self":[{"href":"https:\/\/www.oparanews.com.br\/index.php\/wp-json\/wp\/v2\/posts\/10900","targetHints":{"allow":["GET"]}}],"collection":[{"href":"https:\/\/www.oparanews.com.br\/index.php\/wp-json\/wp\/v2\/posts"}],"about":[{"href":"https:\/\/www.oparanews.com.br\/index.php\/wp-json\/wp\/v2\/types\/post"}],"author":[{"embeddable":true,"href":"https:\/\/www.oparanews.com.br\/index.php\/wp-json\/wp\/v2\/users\/1"}],"replies":[{"embeddable":true,"href":"https:\/\/www.oparanews.com.br\/index.php\/wp-json\/wp\/v2\/comments?post=10900"}],"version-history":[{"count":0,"href":"https:\/\/www.oparanews.com.br\/index.php\/wp-json\/wp\/v2\/posts\/10900\/revisions"}],"wp:attachment":[{"href":"https:\/\/www.oparanews.com.br\/index.php\/wp-json\/wp\/v2\/media?parent=10900"}],"wp:term":[{"taxonomy":"category","embeddable":true,"href":"https:\/\/www.oparanews.com.br\/index.php\/wp-json\/wp\/v2\/categories?post=10900"},{"taxonomy":"post_tag","embeddable":true,"href":"https:\/\/www.oparanews.com.br\/index.php\/wp-json\/wp\/v2\/tags?post=10900"}],"curies":[{"name":"wp","href":"https:\/\/api.w.org\/{rel}","templated":true}]}}