{"id":10905,"date":"2020-11-23T19:37:22","date_gmt":"2020-11-23T19:37:22","guid":{"rendered":"https:\/\/oparanews.com.br\/?p=10905"},"modified":"2020-11-23T19:37:22","modified_gmt":"2020-11-23T19:37:22","slug":"apos-138-dias-internada-com-covid-19-idosa-de-75-anos-tem-alta-no-he-do-agreste","status":"publish","type":"post","link":"https:\/\/www.oparanews.com.br\/index.php\/2020\/11\/23\/apos-138-dias-internada-com-covid-19-idosa-de-75-anos-tem-alta-no-he-do-agreste\/","title":{"rendered":"Ap\u00f3s 138 dias internada com Covid-19, idosa de 75 anos tem alta no HE do Agreste"},"content":{"rendered":"<p>A agricultora aposentada Maria Maia Melo, de 75 anos, residente na cidade de Olho d&#8217;\u00c1gua das Flores, no Sert\u00e3o de Alagoas, recebeu alta m\u00e9dica nesta segunda-feira (23), depois de passar 138 dias internada para tratamento da Covid-19 no Hospital de Emerg\u00eancia do Agreste (HEA), em Arapiraca.<\/p>\n<p>Acompanhada da filha Egn\u00f4nia Maia e da equipe de profissionais de sa\u00fade do hospital, Maria Maia Melo deixou a sala com muitos aplausos e em clima de forte emo\u00e7\u00e3o. A idosa foi internada no HE do Agreste no dia 5 de julho, com insufici\u00eancia respirat\u00f3ria, e ficou mais tr\u00eas semanas em uma das enfermarias para tratamento da doen\u00e7a.<\/p>\n<p>Mas, devido ao hist\u00f3rico de hipertens\u00e3o, obesidade, diabetes e in\u00edcio dos primeiros sintomas de Alzheimer, Maria Maia Melo teve de ser transferida para a Unidade de Terapia Intensiva (UTI) no dia 2 de agosto. Nesse per\u00edodo, a idosa apresentou v\u00e1rias complica\u00e7\u00f5es em seu estado de sa\u00fade e passou a respirar com ajuda aparelhos.<\/p>\n<p>Sedada e entubada, a paciente apresentava oscila\u00e7\u00f5es durante o tratamento da Covid-19, chegando a desenvolver insufici\u00eancia renal. Mas, gra\u00e7as ao trabalho \u00e1rduo da equipe multidisciplinar do HEA, o tratamento avan\u00e7ou e o quadro cl\u00ednico da aposentada foi estabilizado, levando-a a deixar a UTI no \u00faltimo dia 17 de novembro.<\/p>\n<p>Sucesso do tratamento \u2013 Com o sucesso do tratamento, Maria Maia Melo passou cinco dias em recupera\u00e7\u00e3o na enfermaria e, nesta segunda-feira (23), recebeu alta m\u00e9dica ap\u00f3s 138 dias de luta contra a Covid-19. Bastante emocionada, ao lado da m\u00e3e, a dona de casa Egn\u00f4nia Maia Vitor, disse que o momento \u00e9 de muita felicidade.<\/p>\n<p>&#8220;Agrade\u00e7o primeiro a Deus pela recupera\u00e7\u00e3o da sa\u00fade de minha m\u00e3e e depois a toda equipe do hospital, que cuidou dela com muito amor e carinho esse tempo todo &#8220;, afirmou.<\/p>\n<p>&nbsp;<\/p>\n<p><strong>Fonte: Ag\u00eancia Alagoas<\/strong><\/p>\n<p>&nbsp;<\/p>\n","protected":false},"excerpt":{"rendered":"<p>A agricultora aposentada Maria Maia Melo, de 75 anos, residente na cidade de Olho d&#8217;\u00c1gua das Flores, no Sert\u00e3o de Alagoas, recebeu alta m\u00e9dica nesta segunda-feira (23), depois de passar 138 dias internada para tratamento da Covid-19 no Hospital de Emerg\u00eancia do Agreste (HEA), em Arapiraca. Acompanhada da filha Egn\u00f4nia Maia e da equipe de &hellip;<\/p>\n","protected":false},"author":1,"featured_media":10906,"comment_status":"open","ping_status":"open","sticky":false,"template":"","format":"standard","meta":{"_jetpack_newsletter_access":"","_jetpack_dont_email_post_to_subs":false,"_jetpack_newsletter_tier_id":0,"_jetpack_memberships_contains_paywalled_content":false,"_jetpack_memberships_contains_paid_content":false,"footnotes":""},"categories":[1],"tags":[],"class_list":["post-10905","post","type-post","status-publish","format-standard","has-post-thumbnail","hentry","category-destaque"],"jetpack_sharing_enabled":true,"jetpack_featured_media_url":"","_links":{"self":[{"href":"https:\/\/www.oparanews.com.br\/index.php\/wp-json\/wp\/v2\/posts\/10905","targetHints":{"allow":["GET"]}}],"collection":[{"href":"https:\/\/www.oparanews.com.br\/index.php\/wp-json\/wp\/v2\/posts"}],"about":[{"href":"https:\/\/www.oparanews.com.br\/index.php\/wp-json\/wp\/v2\/types\/post"}],"author":[{"embeddable":true,"href":"https:\/\/www.oparanews.com.br\/index.php\/wp-json\/wp\/v2\/users\/1"}],"replies":[{"embeddable":true,"href":"https:\/\/www.oparanews.com.br\/index.php\/wp-json\/wp\/v2\/comments?post=10905"}],"version-history":[{"count":0,"href":"https:\/\/www.oparanews.com.br\/index.php\/wp-json\/wp\/v2\/posts\/10905\/revisions"}],"wp:attachment":[{"href":"https:\/\/www.oparanews.com.br\/index.php\/wp-json\/wp\/v2\/media?parent=10905"}],"wp:term":[{"taxonomy":"category","embeddable":true,"href":"https:\/\/www.oparanews.com.br\/index.php\/wp-json\/wp\/v2\/categories?post=10905"},{"taxonomy":"post_tag","embeddable":true,"href":"https:\/\/www.oparanews.com.br\/index.php\/wp-json\/wp\/v2\/tags?post=10905"}],"curies":[{"name":"wp","href":"https:\/\/api.w.org\/{rel}","templated":true}]}}