{"id":10908,"date":"2020-11-23T19:46:16","date_gmt":"2020-11-23T19:46:16","guid":{"rendered":"https:\/\/oparanews.com.br\/?p=10908"},"modified":"2020-11-23T19:46:16","modified_gmt":"2020-11-23T19:46:16","slug":"eficacia-da-coronavac-sera-anunciada-no-inicio-de-dezembro","status":"publish","type":"post","link":"https:\/\/www.oparanews.com.br\/index.php\/2020\/11\/23\/eficacia-da-coronavac-sera-anunciada-no-inicio-de-dezembro\/","title":{"rendered":"Efic\u00e1cia da CoronaVac ser\u00e1 anunciada no in\u00edcio de dezembro"},"content":{"rendered":"<p>Os dados preliminares da efic\u00e1cia da CoronaVac, potencial vacina contra Covid-19 da chinesa Sinovac que est\u00e1 sendo testada no Brasil pelo Instituto Butantan, ser\u00e3o anunciados no in\u00edcio de dezembro e a expectativa \u00e9 de que a Ag\u00eancia Nacional de Vigil\u00e2ncia Sanit\u00e1ria (Anvisa) d\u00ea o registro ao imunizante em janeiro, disse nesta segunda-feira o secret\u00e1rio de Sa\u00fade de S\u00e3o Paulo, Jean Gorinchteyn.<\/p>\n<p>Em entrevista coletiva no Butantan, autoridades de sa\u00fade do Estado anunciaram que o n\u00famero de infectados nos estudos cl\u00ednicos com a CoronaVac superou o m\u00ednimo de 61 necess\u00e1rios para se fazer uma primeira an\u00e1lise da efic\u00e1cia, que j\u00e1 est\u00e1 em andamento. Esses dados, posteriormente, ser\u00e3o passados a um comit\u00ea internacional independente que acompanha o estudo.<\/p>\n<p>&#8220;Teremos a divulga\u00e7\u00e3o logo na primeira semana de dezembro pelo comit\u00ea internacional independente sobre a efic\u00e1cia da vacina, do quanto ela \u00e9 capaz de proteger na vida real contra o coronav\u00edrus&#8221;, disse Gorinchteyn.<\/p>\n<p>&#8220;Assim que divulgados esses resultados, eles ser\u00e3o ent\u00e3o encaminhados para a Anvisa para o seu conhecimento e chancela. A expectativa \u00e9 que j\u00e1 no m\u00eas de janeiro pr\u00f3ximo ano a Anvisa tenha aprovado a CoronaVac e com os 46 milh\u00f5es de doses dispon\u00edveis no Instituto Butantan, em conjunto com o Programa Nacional de Imuniza\u00e7\u00e3o, ter\u00e1 a possibilidade de vacinar brasileiros de todo o pa\u00eds.&#8221;<\/p>\n<p>O presidente do Butantan, Dimas Covas, disse que at\u00e9 o momento 74 volunt\u00e1rios dos mais de 10 mil que participam dos testes com a potencial vacina foram infectados pelo coronav\u00edrus. Ele explicou que, a partir de agora, ser\u00e3o abertos os dados dos testes para saber quantos desses infectados tomaram a vacina e quantos tomaram um placebo e, a partir disso, ser\u00e1 medida a efic\u00e1cia do imunizante.<\/p>\n<p>&#8220;Se todos os casos apareceram em quem tomou o placebo, a efic\u00e1cia \u00e9 100%&#8221;, exemplificou o presidente do Butantan.<\/p>\n<p>Dimas Covas tamb\u00e9m afirmou que espera que o processo de registro da vacina no Brasil seja acelerado, por se tratar da urg\u00eancia em meio \u00e0 pandemia.<\/p>\n<p>&#8220;Com os resultados da efic\u00e1cia e com a disponibilidade da vacina, o processo normal (de registro) poder\u00e1 ser acelerado&#8221;, disse o presidente do Butantan.<\/p>\n<p>&#8220;\u00c9 isso que n\u00f3s esperamos, que haja sensibilidade das nossas autoridades para que isso aconte\u00e7a muito rapidamente&#8221;, acrescentou.<\/p>\n<p>Apesar de o Minist\u00e9rio da Sa\u00fade n\u00e3o ter mencionado a CoronaVac em uma nota divulgada no fim de semana em que disse estar estudando a compra de vacinas de v\u00e1rias fabricantes, ap\u00f3s reuni\u00f5es na semana passada, Dimas Covas manifestou confian\u00e7a de que a candidata da Sinovac seja inclu\u00edda no Programa Nacional de Imuniza\u00e7\u00e3o (PNI) da pasta.<\/p>\n<p>Ele disse que as reuni\u00f5es que o minist\u00e9rio fez com fabricantes na semana passada, o Butantan j\u00e1 fez com a pasta em setembro.<\/p>\n<p>&#8220;O nosso Minist\u00e9rio da Sa\u00fade j\u00e1 demonstrou interesse nessa vacina \u00e0 medida que ela fosse registrada e, brevemente, isso acontecendo vamos novamente instar o nosso minist\u00e9rio em rela\u00e7\u00e3o \u00e0 incorpora\u00e7\u00e3o no Programa Nacional de Imuniza\u00e7\u00e3o&#8221;, disse Dimas Covas.<\/p>\n<p>&#8220;Esperamos que haja a incorpora\u00e7\u00e3o dessa vacina, que \u00e9 mais uma vacina do Butantan, se soma \u00e0s demais que n\u00f3s produzimos aqui. Ent\u00e3o n\u00e3o faria sentido nenhum a n\u00e3o incorpora\u00e7\u00e3o dessa vacina ao Programa Nacional de Imuniza\u00e7\u00e3o.&#8221;<\/p>\n<p>O presidente Jair Bolsonaro, que \u00e9 desafeto pol\u00edtico do governador de S\u00e3o Paulo, Jo\u00e3o Doria (PSDB), j\u00e1 minimizou por diversas vezes a CoronaVac e disse que o imunizante n\u00e3o transmite confian\u00e7a \u00e0 popula\u00e7\u00e3o devido \u00e0 sua origem.<\/p>\n<p>Recentemente, ele comemorou como uma vit\u00f3ria pessoal a breve interrup\u00e7\u00e3o dos testes com a vacina determinada pela Anvisa, que autorizou a retomada dois dias depois, e desautorizou o ministro da Sa\u00fade, Eduardo Pazuello, quando ele afirmou que a CoronaVac seria inclu\u00edda no PNI.<\/p>\n<p>&nbsp;<\/p>\n<p><strong>Fonte: Terra<\/strong><\/p>\n<p>&nbsp;<\/p>\n","protected":false},"excerpt":{"rendered":"<p>Os dados preliminares da efic\u00e1cia da CoronaVac, potencial vacina contra Covid-19 da chinesa Sinovac que est\u00e1 sendo testada no Brasil pelo Instituto Butantan, ser\u00e3o anunciados no in\u00edcio de dezembro e a expectativa \u00e9 de que a Ag\u00eancia Nacional de Vigil\u00e2ncia Sanit\u00e1ria (Anvisa) d\u00ea o registro ao imunizante em janeiro, disse nesta segunda-feira o secret\u00e1rio de &hellip;<\/p>\n","protected":false},"author":1,"featured_media":10909,"comment_status":"open","ping_status":"open","sticky":false,"template":"","format":"standard","meta":{"_jetpack_newsletter_access":"","_jetpack_dont_email_post_to_subs":false,"_jetpack_newsletter_tier_id":0,"_jetpack_memberships_contains_paywalled_content":false,"_jetpack_memberships_contains_paid_content":false,"footnotes":""},"categories":[1],"tags":[],"class_list":["post-10908","post","type-post","status-publish","format-standard","has-post-thumbnail","hentry","category-destaque"],"jetpack_sharing_enabled":true,"jetpack_featured_media_url":"","_links":{"self":[{"href":"https:\/\/www.oparanews.com.br\/index.php\/wp-json\/wp\/v2\/posts\/10908","targetHints":{"allow":["GET"]}}],"collection":[{"href":"https:\/\/www.oparanews.com.br\/index.php\/wp-json\/wp\/v2\/posts"}],"about":[{"href":"https:\/\/www.oparanews.com.br\/index.php\/wp-json\/wp\/v2\/types\/post"}],"author":[{"embeddable":true,"href":"https:\/\/www.oparanews.com.br\/index.php\/wp-json\/wp\/v2\/users\/1"}],"replies":[{"embeddable":true,"href":"https:\/\/www.oparanews.com.br\/index.php\/wp-json\/wp\/v2\/comments?post=10908"}],"version-history":[{"count":0,"href":"https:\/\/www.oparanews.com.br\/index.php\/wp-json\/wp\/v2\/posts\/10908\/revisions"}],"wp:attachment":[{"href":"https:\/\/www.oparanews.com.br\/index.php\/wp-json\/wp\/v2\/media?parent=10908"}],"wp:term":[{"taxonomy":"category","embeddable":true,"href":"https:\/\/www.oparanews.com.br\/index.php\/wp-json\/wp\/v2\/categories?post=10908"},{"taxonomy":"post_tag","embeddable":true,"href":"https:\/\/www.oparanews.com.br\/index.php\/wp-json\/wp\/v2\/tags?post=10908"}],"curies":[{"name":"wp","href":"https:\/\/api.w.org\/{rel}","templated":true}]}}