{"id":10917,"date":"2020-11-23T20:05:45","date_gmt":"2020-11-23T20:05:45","guid":{"rendered":"https:\/\/oparanews.com.br\/?p=10917"},"modified":"2020-11-23T20:05:45","modified_gmt":"2020-11-23T20:05:45","slug":"cresce-a-transmissao-do-novo-coronavirus-em-maceio-e-em-arapiraca","status":"publish","type":"post","link":"https:\/\/www.oparanews.com.br\/index.php\/2020\/11\/23\/cresce-a-transmissao-do-novo-coronavirus-em-maceio-e-em-arapiraca\/","title":{"rendered":"Cresce a transmiss\u00e3o do novo coronav\u00edrus em Macei\u00f3 e em Arapiraca"},"content":{"rendered":"<p>Os munic\u00edpios de Macei\u00f3 e de Arapiraca tiveram aumento na transmiss\u00e3o do novo coronav\u00edrus, segundo relat\u00f3rio divulgado nesta segunda-feira (23) pelo Observat\u00f3rio Alagoano de Pol\u00edticas P\u00fablicas contra a Covid-19, da Universidade Federal de Alagoas (Ufal).<\/p>\n<p>Os pesquisadores analisaram a 47\u00aa Semana Epidemiol\u00f3gica, de 15 a 21 de novembro, e compararam os dados da semana com os das semanas anteriores.<\/p>\n<p>O relat\u00f3rio mostra que a incid\u00eancia de casos de Covid-19 em todo o estado foi quase igual ao da semana anterior. Macei\u00f3 e Arapiraca s\u00e3o os \u00fanicos munic\u00edpios em que os casos de Covid-19 continuam aumentando.<\/p>\n<p>Em rela\u00e7\u00e3o aos \u00f3bitos causados pela doen\u00e7a, houve manuten\u00e7\u00e3o da tend\u00eancia de queda. Arapiraca teve redu\u00e7\u00e3o pela segunda semana consecutiva. J\u00e1 em Macei\u00f3, o n\u00famero de mortes est\u00e1 est\u00e1vel h\u00e1 seis semanas, com m\u00e9dia de sete \u00f3bitos.<\/p>\n<p><strong>Ocupa\u00e7\u00e3o de leitos<\/strong><\/p>\n<p>O estudo mostra que houve diminui\u00e7\u00e3o no n\u00famero de leitos com respiradores, 38 no total. Ao mesmo tempo, houve uma leve subida da demanda por esses leitos na \u00faltima semana.<\/p>\n<p>&#8220;Neste contexto, foi observado um pequeno aumento na ocupa\u00e7\u00e3o desses leitos, que atingiu uma taxa de 42% para UTI e 9% para UTI intermedi\u00e1ria, que resulta em uma ocupa\u00e7\u00e3o de 36% quando considerados todos os leitos com respiradores dispon\u00edveis para tratamento de v\u00edtimas da COVID-19 na rede p\u00fablica alagoana&#8221;, diz o relat\u00f3rio.<\/p>\n<p><strong>Casos suspeitos e testes<\/strong><\/p>\n<p>Nas \u00faltimas semanas, houve redu\u00e7\u00e3o no n\u00famero de casos suspeitos no estado. Paralelamente, foi registrado aumento nos n\u00fameros de testes realizados nessas semanas, ap\u00f3s um per\u00edodo de queda.<\/p>\n<p>Os pesquisadores explicaram que o aumento de resultados positivos em testes realizados \u00e9 uma evid\u00eancia da volta do crescimento da transmiss\u00e3o do novo coronav\u00edrus em Alagoas.<\/p>\n<p>&#8220;Al\u00e9m disso, o n\u00famero de resultados positivos em rela\u00e7\u00e3o ao n\u00famero de testes realizados tamb\u00e9m tem subido, chegando pr\u00f3ximo de 26% nos quatro primeiros dias da 47\u00aa SE. Considerando os gargalos ligados \u00e0 pol\u00edtica de testagem, esse resultado \u00e9 mais uma evid\u00eancia do recente crescimento da transmiss\u00e3o em Alagoas, que se refletiu no aumento de casos nas \u00faltimas semanas mesmo com as limita\u00e7\u00f5es de testes, especialmente em Macei\u00f3 e Arapiraca&#8221;, diz o levantamento.<\/p>\n<p>&nbsp;<\/p>\n<p><strong>Fonte: G1\/AL<\/strong><\/p>\n<p>&nbsp;<\/p>\n","protected":false},"excerpt":{"rendered":"<p>Os munic\u00edpios de Macei\u00f3 e de Arapiraca tiveram aumento na transmiss\u00e3o do novo coronav\u00edrus, segundo relat\u00f3rio divulgado nesta segunda-feira (23) pelo Observat\u00f3rio Alagoano de Pol\u00edticas P\u00fablicas contra a Covid-19, da Universidade Federal de Alagoas (Ufal). Os pesquisadores analisaram a 47\u00aa Semana Epidemiol\u00f3gica, de 15 a 21 de novembro, e compararam os dados da semana com &hellip;<\/p>\n","protected":false},"author":1,"featured_media":10918,"comment_status":"open","ping_status":"open","sticky":false,"template":"","format":"standard","meta":{"_jetpack_newsletter_access":"","_jetpack_dont_email_post_to_subs":false,"_jetpack_newsletter_tier_id":0,"_jetpack_memberships_contains_paywalled_content":false,"_jetpack_memberships_contains_paid_content":false,"footnotes":""},"categories":[1],"tags":[],"class_list":["post-10917","post","type-post","status-publish","format-standard","has-post-thumbnail","hentry","category-destaque"],"jetpack_sharing_enabled":true,"jetpack_featured_media_url":"","_links":{"self":[{"href":"https:\/\/www.oparanews.com.br\/index.php\/wp-json\/wp\/v2\/posts\/10917","targetHints":{"allow":["GET"]}}],"collection":[{"href":"https:\/\/www.oparanews.com.br\/index.php\/wp-json\/wp\/v2\/posts"}],"about":[{"href":"https:\/\/www.oparanews.com.br\/index.php\/wp-json\/wp\/v2\/types\/post"}],"author":[{"embeddable":true,"href":"https:\/\/www.oparanews.com.br\/index.php\/wp-json\/wp\/v2\/users\/1"}],"replies":[{"embeddable":true,"href":"https:\/\/www.oparanews.com.br\/index.php\/wp-json\/wp\/v2\/comments?post=10917"}],"version-history":[{"count":0,"href":"https:\/\/www.oparanews.com.br\/index.php\/wp-json\/wp\/v2\/posts\/10917\/revisions"}],"wp:attachment":[{"href":"https:\/\/www.oparanews.com.br\/index.php\/wp-json\/wp\/v2\/media?parent=10917"}],"wp:term":[{"taxonomy":"category","embeddable":true,"href":"https:\/\/www.oparanews.com.br\/index.php\/wp-json\/wp\/v2\/categories?post=10917"},{"taxonomy":"post_tag","embeddable":true,"href":"https:\/\/www.oparanews.com.br\/index.php\/wp-json\/wp\/v2\/tags?post=10917"}],"curies":[{"name":"wp","href":"https:\/\/api.w.org\/{rel}","templated":true}]}}