{"id":10924,"date":"2020-11-24T18:30:02","date_gmt":"2020-11-24T18:30:02","guid":{"rendered":"https:\/\/oparanews.com.br\/?p=10924"},"modified":"2020-11-24T18:30:02","modified_gmt":"2020-11-24T18:30:02","slug":"prefeito-marcius-beltrao-destaca-avancos-para-penedo-na-abertura-do-circuito-de-cinema","status":"publish","type":"post","link":"https:\/\/www.oparanews.com.br\/index.php\/2020\/11\/24\/prefeito-marcius-beltrao-destaca-avancos-para-penedo-na-abertura-do-circuito-de-cinema\/","title":{"rendered":"Prefeito Marcius Beltr\u00e3o destaca avan\u00e7os para Penedo na abertura do Circuito de Cinema"},"content":{"rendered":"<p>A primeira noite da 10\u00aa edi\u00e7\u00e3o do Circuito Penedo de Cinema ganhou mais de um marco hist\u00f3rico para a cidade. Al\u00e9m de reabrir o Cine S\u00e3o Francisco, local que funcionar\u00e1 como Centro de Conven\u00e7\u00f5es, a solenidade de abertura do festival registrou a assinatura da obra de constru\u00e7\u00e3o da sede pr\u00f3pria da Ufal no munic\u00edpio.<\/p>\n<p>Tanto a recupera\u00e7\u00e3o do cineteatro, quanto a instala\u00e7\u00e3o da Universidade Federal de Alagoas no munic\u00edpio polo do Baixo S\u00e3o Francisco foram viabilizadas pelo governo Marcius Beltr\u00e3o\/Ronaldo na Prefeitura de Penedo, junto com o Iphan Alagoas e os governos estadual e federal, com apoio de parlamentares alagoanos.<\/p>\n<p><strong>Parcerias<\/strong><\/p>\n<p>As parcerias foram destacadas pelo Prefeito Marcius Beltr\u00e3o em seu pronunciamento. Dirigindo-se ao reitor da Ufal, Josealdo Tonholo, o gestor penedense destacou o apoio de Vin\u00edcius Lages, atual diretor do Sebrae Alagoas. \u201cNo ano de 2013, Vin\u00edcius era Ministro de Turismo e, com apoio pol\u00edtico do senador Renan Calheiros, financiou essa obra na ordem de cinco milh\u00f5es de reais\u201d.<\/p>\n<p>Marcius comentou que um problema estrutural descoberto durante a reforma do cinema inaugurado em 1959 \u2013 \u00e0 \u00e9poca, o mais moderno do Nordeste \u2013, levou ao uso do recurso que seria utilizado para a compra das 900 poltronas do local.<\/p>\n<p>\u201cProcuramos o governador e solicitamos dele a compra das cadeiras que s\u00e3o car\u00edssimas, algo em torno de R$ 1.500,00 por unidade, e o governador, com o carinho que tem pela cidade de Penedo, atendeu\u201d, disse o prefeito sobre a aquisi\u00e7\u00e3o em processo de licita\u00e7\u00e3o.<\/p>\n<p><strong>Cine Penedo<\/strong><\/p>\n<p>Marcius Beltr\u00e3o tamb\u00e9m comentou o sobre o Cine Penedo e o projeto elaborado por sua administra\u00e7\u00e3o enviado ao BNDES, \u00f3rg\u00e3o que financiar\u00e1 a conclus\u00e3o do centro produtor de audiovisual da Ufal, espa\u00e7o que j\u00e1 tem salas de aula prontas.<\/p>\n<p>\u201cEu conversava com Tonholo e ele falava que \u00e9 muito importante instalar neste munic\u00edpio o curso de Cinema e oferecer isso \u00e0 sociedade brasileira. Valorizar a cultura, a arte, o cinema, o folclore, \u00e9 obriga\u00e7\u00e3o de cada um de n\u00f3s porque todas essas atividades s\u00e3o instrumento sociais de igualdade\u201d, afirmou o Prefeito de Penedo.<\/p>\n<p>Marcius Beltr\u00e3o destacou ainda o apoio do Comit\u00ea da Bacia Hidrogr\u00e1fica do S\u00e3o Francisco (CBHSF), entidade que tamb\u00e9m patrocina o Circuito desde sua primeira edi\u00e7\u00e3o e que j\u00e1 garantiu recursos para o evento acontecer em 2021, segundo informou o vice-presidente do comit\u00ea, Maciel Oliveira, durante a solenidade.<\/p>\n<p>\u201cNingu\u00e9m faz nada sozinho. Quando a gente busca parceiros comprometidos com a melhoria da qualidade de vida da popula\u00e7\u00e3o, que querem realmente fazer a diferen\u00e7a, a gente consegue chegar l\u00e1\u201d, salientou o gestor que est\u00e1 pr\u00f3ximo de concluir seu terceiro mandato, antes do ato que formalizou o contrato para constru\u00e7\u00e3o da sede pr\u00f3pria da Ufal em Penedo.<\/p>\n<p>Or\u00e7ada em cerca de quatro milh\u00f5es de reais, a obra j\u00e1 tem recurso empenhado e depositado na conta da empresa Pimentel Engenharia, segundo divulgou o reitor da institui\u00e7\u00e3o que lan\u00e7ou, em Penedo, a campanha que comemora 60 anos de funda\u00e7\u00e3o da Ufal com mais uma importante conquista, especialmente para a popula\u00e7\u00e3o de toda a regi\u00e3o do Baixo S\u00e3o Francisco alagoano e sergipano.<\/p>\n<p>&nbsp;<\/p>\n<p><strong>Fonte: Decom &#8211; PMP<\/strong><\/p>\n<p>&nbsp;<\/p>\n","protected":false},"excerpt":{"rendered":"<p>A primeira noite da 10\u00aa edi\u00e7\u00e3o do Circuito Penedo de Cinema ganhou mais de um marco hist\u00f3rico para a cidade. Al\u00e9m de reabrir o Cine S\u00e3o Francisco, local que funcionar\u00e1 como Centro de Conven\u00e7\u00f5es, a solenidade de abertura do festival registrou a assinatura da obra de constru\u00e7\u00e3o da sede pr\u00f3pria da Ufal no munic\u00edpio. Tanto &hellip;<\/p>\n","protected":false},"author":1,"featured_media":10925,"comment_status":"open","ping_status":"open","sticky":false,"template":"","format":"standard","meta":{"_jetpack_newsletter_access":"","_jetpack_dont_email_post_to_subs":false,"_jetpack_newsletter_tier_id":0,"_jetpack_memberships_contains_paywalled_content":false,"_jetpack_memberships_contains_paid_content":false,"footnotes":""},"categories":[1],"tags":[],"class_list":["post-10924","post","type-post","status-publish","format-standard","has-post-thumbnail","hentry","category-destaque"],"jetpack_sharing_enabled":true,"jetpack_featured_media_url":"","_links":{"self":[{"href":"https:\/\/www.oparanews.com.br\/index.php\/wp-json\/wp\/v2\/posts\/10924","targetHints":{"allow":["GET"]}}],"collection":[{"href":"https:\/\/www.oparanews.com.br\/index.php\/wp-json\/wp\/v2\/posts"}],"about":[{"href":"https:\/\/www.oparanews.com.br\/index.php\/wp-json\/wp\/v2\/types\/post"}],"author":[{"embeddable":true,"href":"https:\/\/www.oparanews.com.br\/index.php\/wp-json\/wp\/v2\/users\/1"}],"replies":[{"embeddable":true,"href":"https:\/\/www.oparanews.com.br\/index.php\/wp-json\/wp\/v2\/comments?post=10924"}],"version-history":[{"count":0,"href":"https:\/\/www.oparanews.com.br\/index.php\/wp-json\/wp\/v2\/posts\/10924\/revisions"}],"wp:attachment":[{"href":"https:\/\/www.oparanews.com.br\/index.php\/wp-json\/wp\/v2\/media?parent=10924"}],"wp:term":[{"taxonomy":"category","embeddable":true,"href":"https:\/\/www.oparanews.com.br\/index.php\/wp-json\/wp\/v2\/categories?post=10924"},{"taxonomy":"post_tag","embeddable":true,"href":"https:\/\/www.oparanews.com.br\/index.php\/wp-json\/wp\/v2\/tags?post=10924"}],"curies":[{"name":"wp","href":"https:\/\/api.w.org\/{rel}","templated":true}]}}