{"id":10933,"date":"2020-11-24T18:40:03","date_gmt":"2020-11-24T18:40:03","guid":{"rendered":"https:\/\/oparanews.com.br\/?p=10933"},"modified":"2020-11-24T18:40:03","modified_gmt":"2020-11-24T18:40:03","slug":"taxa-de-transmissao-da-covid-19-no-pais-e-a-maior-desde-maio","status":"publish","type":"post","link":"https:\/\/www.oparanews.com.br\/index.php\/2020\/11\/24\/taxa-de-transmissao-da-covid-19-no-pais-e-a-maior-desde-maio\/","title":{"rendered":"Taxa de transmiss\u00e3o da covid-19 no Pa\u00eds \u00e9 a maior desde maio"},"content":{"rendered":"<p>A taxa de transmiss\u00e3o do novo coronav\u00edrus (Rt) no Brasil nesta semana \u00e9 a maior desde maio, de acordo com monitoramento do centro de controle de epidemias do Imperial College de Londres, no Reino Unido. O \u00edndice passou de 1,10 no dia 16 de novembro para 1,30 no balan\u00e7o divulgado nesta ter\u00e7a-feira, dia 24.<\/p>\n<p>A \u00faltima vez que a taxa de transmiss\u00e3o se aproximou deste patamar no Pa\u00eds foi na semana de 24 de maio, quando atingiu 1,31. A taxa de cont\u00e1gio (Rt) indica para quantas pessoas um paciente infectado consegue transmitir o novo coronav\u00edrus. Quando ele \u00e9 superior a 1, cada infectado transmite a doen\u00e7a para mais de uma pessoa. Isso representa o avan\u00e7o da doen\u00e7a. De acordo com os n\u00fameros atuais, cada 100 pessoas contaminadas transmitem o v\u00edrus para outras 130.<\/p>\n<p>H\u00e1 duas semanas, o n\u00famero ficou em 0,68, o menor valor desde abril. A data coincide com o atraso na atualiza\u00e7\u00e3o de casos e mortes por Covid-19 pelo Minist\u00e9rio da Sa\u00fade. Como o estudo considera esses dados, as estimativas tamb\u00e9m foram afetadas. A taxa de cont\u00e1gio retrata uma m\u00e9dia nacional, sem abordar as particularidades de cada estado ou regi\u00e3o.<\/p>\n<p>A m\u00e9dia m\u00f3vel di\u00e1ria de mortes causadas pelo novo coronav\u00edrus no Brasil ficou em 496 nesta segunda-feira, 23. O c\u00e1lculo registra as oscila\u00e7\u00f5es dos \u00faltimos sete dias e elimina distor\u00e7\u00f5es entre um n\u00famero alto de meio de semana e baixo de fim de semana. Desde ontem, foram registrados mais 17.585 casos e 344 mortes, segundo levantamento feito por Estad\u00e3o, G1, O Globo, Extra, Folha e UOL junto \u00e0s secretarias estaduais de sa\u00fade.<\/p>\n<p>&nbsp;<\/p>\n<p><strong>Fonte: Terra<\/strong><\/p>\n<p>&nbsp;<\/p>\n","protected":false},"excerpt":{"rendered":"<p>A taxa de transmiss\u00e3o do novo coronav\u00edrus (Rt) no Brasil nesta semana \u00e9 a maior desde maio, de acordo com monitoramento do centro de controle de epidemias do Imperial College de Londres, no Reino Unido. O \u00edndice passou de 1,10 no dia 16 de novembro para 1,30 no balan\u00e7o divulgado nesta ter\u00e7a-feira, dia 24. A &hellip;<\/p>\n","protected":false},"author":1,"featured_media":10934,"comment_status":"open","ping_status":"open","sticky":false,"template":"","format":"standard","meta":{"_jetpack_newsletter_access":"","_jetpack_dont_email_post_to_subs":false,"_jetpack_newsletter_tier_id":0,"_jetpack_memberships_contains_paywalled_content":false,"_jetpack_memberships_contains_paid_content":false,"footnotes":""},"categories":[1],"tags":[],"class_list":["post-10933","post","type-post","status-publish","format-standard","has-post-thumbnail","hentry","category-destaque"],"jetpack_sharing_enabled":true,"jetpack_featured_media_url":"","_links":{"self":[{"href":"https:\/\/www.oparanews.com.br\/index.php\/wp-json\/wp\/v2\/posts\/10933","targetHints":{"allow":["GET"]}}],"collection":[{"href":"https:\/\/www.oparanews.com.br\/index.php\/wp-json\/wp\/v2\/posts"}],"about":[{"href":"https:\/\/www.oparanews.com.br\/index.php\/wp-json\/wp\/v2\/types\/post"}],"author":[{"embeddable":true,"href":"https:\/\/www.oparanews.com.br\/index.php\/wp-json\/wp\/v2\/users\/1"}],"replies":[{"embeddable":true,"href":"https:\/\/www.oparanews.com.br\/index.php\/wp-json\/wp\/v2\/comments?post=10933"}],"version-history":[{"count":0,"href":"https:\/\/www.oparanews.com.br\/index.php\/wp-json\/wp\/v2\/posts\/10933\/revisions"}],"wp:attachment":[{"href":"https:\/\/www.oparanews.com.br\/index.php\/wp-json\/wp\/v2\/media?parent=10933"}],"wp:term":[{"taxonomy":"category","embeddable":true,"href":"https:\/\/www.oparanews.com.br\/index.php\/wp-json\/wp\/v2\/categories?post=10933"},{"taxonomy":"post_tag","embeddable":true,"href":"https:\/\/www.oparanews.com.br\/index.php\/wp-json\/wp\/v2\/tags?post=10933"}],"curies":[{"name":"wp","href":"https:\/\/api.w.org\/{rel}","templated":true}]}}