{"id":10945,"date":"2020-11-24T20:44:06","date_gmt":"2020-11-24T20:44:06","guid":{"rendered":"https:\/\/oparanews.com.br\/?p=10945"},"modified":"2020-11-24T20:44:06","modified_gmt":"2020-11-24T20:44:06","slug":"zeze-polessa-e-miguel-falabella-pegam-covid-19-em-teatro","status":"publish","type":"post","link":"https:\/\/www.oparanews.com.br\/index.php\/2020\/11\/24\/zeze-polessa-e-miguel-falabella-pegam-covid-19-em-teatro\/","title":{"rendered":"Zez\u00e9 Polessa e Miguel Falabella pegam covid-19 em teatro"},"content":{"rendered":"<p>Os atores Zez\u00e9 Polessa e Miguel Falabella pegaram covid-19 ao participarem da pe\u00e7a &#8220;A Mentira&#8221;, durante o Festival Cortinas Abertas, no \u00faltimo dia 13, em S\u00e3o Paulo.<\/p>\n<p>Polessa contou que estava recolhida desde mar\u00e7o, mas voltou \u00e0 atividade justamente para a pe\u00e7a. Ela sentiu os primeiros sintomas pouco tempo depois das apresenta\u00e7\u00f5es e atualmente faz quarentena em sua casa, no Rio.<\/p>\n<p>A atriz gravou um v\u00eddeo em seu Instagram, reproduzindo o apelo de uma m\u00e9dica do Hospital das Cl\u00ednicas, que chama aten\u00e7\u00e3o para o fato de os hospitais terem voltado a lotar em S\u00e3o Paulo. Ela refor\u00e7a o pedido para que as pessoas usem m\u00e1scaras, mantenham distanciamento e evitem aglomera\u00e7\u00f5es, saindo o menos poss\u00edvel. Curiosamente, Zez\u00e9 n\u00e3o fez men\u00e7\u00e3o ao fato de que contraiu o coronav\u00edrus.<\/p>\n<p>J\u00e1 Falabella abordou o teste positivo em v\u00eddeo tamb\u00e9m publicado no Instagram. Ele disse que se recupera bem, no apartamento que mantem em S\u00e3o Paulo, e se descreveu &#8220;assintom\u00e1tico&#8221;. &#8220;Tive um leve mal-estar&#8221;, relatou. &#8220;Estou bem, em quarentena e esperando essa onda passar, ansioso pelo retorno da vida [normal] como todos&#8221;.<\/p>\n<p>A equipe da pe\u00e7a, bastante compacta, usou m\u00e1scaras enquanto se preparava e fez testes r\u00e1pidos antes das apresenta\u00e7\u00f5es, comprovando que n\u00e3o estavam contaminados na ocasi\u00e3o. Ningu\u00e9m viajou no mesmo avi\u00e3o, o que, segundo a colunista Patricia Kogut, do jornal O Globo, levou \u00e0 conclus\u00e3o de que contra\u00edram o v\u00edrus no Teatro Santander, que tem capacidade para 800 pessoas e tinha metade disso na plateia.<\/p>\n<p>&nbsp;<\/p>\n<p><strong>Fonte: Terra<\/strong><\/p>\n<p>&nbsp;<\/p>\n","protected":false},"excerpt":{"rendered":"<p>Os atores Zez\u00e9 Polessa e Miguel Falabella pegaram covid-19 ao participarem da pe\u00e7a &#8220;A Mentira&#8221;, durante o Festival Cortinas Abertas, no \u00faltimo dia 13, em S\u00e3o Paulo. Polessa contou que estava recolhida desde mar\u00e7o, mas voltou \u00e0 atividade justamente para a pe\u00e7a. Ela sentiu os primeiros sintomas pouco tempo depois das apresenta\u00e7\u00f5es e atualmente faz &hellip;<\/p>\n","protected":false},"author":1,"featured_media":10946,"comment_status":"open","ping_status":"open","sticky":false,"template":"","format":"standard","meta":{"_jetpack_newsletter_access":"","_jetpack_dont_email_post_to_subs":false,"_jetpack_newsletter_tier_id":0,"_jetpack_memberships_contains_paywalled_content":false,"_jetpack_memberships_contains_paid_content":false,"footnotes":""},"categories":[1],"tags":[],"class_list":["post-10945","post","type-post","status-publish","format-standard","has-post-thumbnail","hentry","category-destaque"],"jetpack_sharing_enabled":true,"jetpack_featured_media_url":"","_links":{"self":[{"href":"https:\/\/www.oparanews.com.br\/index.php\/wp-json\/wp\/v2\/posts\/10945","targetHints":{"allow":["GET"]}}],"collection":[{"href":"https:\/\/www.oparanews.com.br\/index.php\/wp-json\/wp\/v2\/posts"}],"about":[{"href":"https:\/\/www.oparanews.com.br\/index.php\/wp-json\/wp\/v2\/types\/post"}],"author":[{"embeddable":true,"href":"https:\/\/www.oparanews.com.br\/index.php\/wp-json\/wp\/v2\/users\/1"}],"replies":[{"embeddable":true,"href":"https:\/\/www.oparanews.com.br\/index.php\/wp-json\/wp\/v2\/comments?post=10945"}],"version-history":[{"count":0,"href":"https:\/\/www.oparanews.com.br\/index.php\/wp-json\/wp\/v2\/posts\/10945\/revisions"}],"wp:attachment":[{"href":"https:\/\/www.oparanews.com.br\/index.php\/wp-json\/wp\/v2\/media?parent=10945"}],"wp:term":[{"taxonomy":"category","embeddable":true,"href":"https:\/\/www.oparanews.com.br\/index.php\/wp-json\/wp\/v2\/categories?post=10945"},{"taxonomy":"post_tag","embeddable":true,"href":"https:\/\/www.oparanews.com.br\/index.php\/wp-json\/wp\/v2\/tags?post=10945"}],"curies":[{"name":"wp","href":"https:\/\/api.w.org\/{rel}","templated":true}]}}