{"id":10948,"date":"2020-11-25T12:08:49","date_gmt":"2020-11-25T12:08:49","guid":{"rendered":"https:\/\/oparanews.com.br\/?p=10948"},"modified":"2020-11-25T12:08:49","modified_gmt":"2020-11-25T12:08:49","slug":"adolescente-de-16-anos-e-morto-com-cinco-tiros-na-cabeca","status":"publish","type":"post","link":"https:\/\/www.oparanews.com.br\/index.php\/2020\/11\/25\/adolescente-de-16-anos-e-morto-com-cinco-tiros-na-cabeca\/","title":{"rendered":"Adolescente de 16 anos \u00e9 morto com cinco tiros na cabe\u00e7a"},"content":{"rendered":"<p>Um adolescente de 16 anos foi assassinado a tiros na noite de ter\u00e7a-feira (24), no Benedito Bentes, em Macei\u00f3.<\/p>\n<p>De acordo com militares do 5\u00ba Batalh\u00e3o, a v\u00edtima identificada como Diogo Fran\u00e7a da Silva foi atingido por cinco tiros na cabe\u00e7a e um nas n\u00e1degas.<\/p>\n<p>Os criminoso fugiram ap\u00f3s o crime e n\u00e3o foram identificados. A Delegacia de Homic\u00eddios e Prote\u00e7\u00e3o \u00e0 Pessoa (DHPP) vai investigar o caso.<\/p>\n<p>Os institutos de Criminal\u00edstica (IC) e M\u00e9dico Legal (IML) foram acionados e fizeram a per\u00edcia e recolheram o corpo da v\u00edtima.<\/p>\n<p>&nbsp;<\/p>\n<p><strong>Fonte: G1\/AL<\/strong><\/p>\n<p>&nbsp;<\/p>\n","protected":false},"excerpt":{"rendered":"<p>Um adolescente de 16 anos foi assassinado a tiros na noite de ter\u00e7a-feira (24), no Benedito Bentes, em Macei\u00f3. De acordo com militares do 5\u00ba Batalh\u00e3o, a v\u00edtima identificada como Diogo Fran\u00e7a da Silva foi atingido por cinco tiros na cabe\u00e7a e um nas n\u00e1degas. Os criminoso fugiram ap\u00f3s o crime e n\u00e3o foram identificados. &hellip;<\/p>\n","protected":false},"author":1,"featured_media":10949,"comment_status":"open","ping_status":"open","sticky":false,"template":"","format":"standard","meta":{"_jetpack_newsletter_access":"","_jetpack_dont_email_post_to_subs":false,"_jetpack_newsletter_tier_id":0,"_jetpack_memberships_contains_paywalled_content":false,"_jetpack_memberships_contains_paid_content":false,"footnotes":""},"categories":[1],"tags":[],"class_list":["post-10948","post","type-post","status-publish","format-standard","has-post-thumbnail","hentry","category-destaque"],"jetpack_sharing_enabled":true,"jetpack_featured_media_url":"","_links":{"self":[{"href":"https:\/\/www.oparanews.com.br\/index.php\/wp-json\/wp\/v2\/posts\/10948","targetHints":{"allow":["GET"]}}],"collection":[{"href":"https:\/\/www.oparanews.com.br\/index.php\/wp-json\/wp\/v2\/posts"}],"about":[{"href":"https:\/\/www.oparanews.com.br\/index.php\/wp-json\/wp\/v2\/types\/post"}],"author":[{"embeddable":true,"href":"https:\/\/www.oparanews.com.br\/index.php\/wp-json\/wp\/v2\/users\/1"}],"replies":[{"embeddable":true,"href":"https:\/\/www.oparanews.com.br\/index.php\/wp-json\/wp\/v2\/comments?post=10948"}],"version-history":[{"count":0,"href":"https:\/\/www.oparanews.com.br\/index.php\/wp-json\/wp\/v2\/posts\/10948\/revisions"}],"wp:attachment":[{"href":"https:\/\/www.oparanews.com.br\/index.php\/wp-json\/wp\/v2\/media?parent=10948"}],"wp:term":[{"taxonomy":"category","embeddable":true,"href":"https:\/\/www.oparanews.com.br\/index.php\/wp-json\/wp\/v2\/categories?post=10948"},{"taxonomy":"post_tag","embeddable":true,"href":"https:\/\/www.oparanews.com.br\/index.php\/wp-json\/wp\/v2\/tags?post=10948"}],"curies":[{"name":"wp","href":"https:\/\/api.w.org\/{rel}","templated":true}]}}