{"id":10966,"date":"2020-11-26T10:52:10","date_gmt":"2020-11-26T10:52:10","guid":{"rendered":"https:\/\/oparanews.com.br\/?p=10966"},"modified":"2020-11-26T10:52:10","modified_gmt":"2020-11-26T10:52:10","slug":"nova-escola-da-prefeitura-de-penedo-abre-matriculas-para-2021","status":"publish","type":"post","link":"https:\/\/www.oparanews.com.br\/index.php\/2020\/11\/26\/nova-escola-da-prefeitura-de-penedo-abre-matriculas-para-2021\/","title":{"rendered":"Nova escola da Prefeitura de Penedo abre matr\u00edculas para 2021"},"content":{"rendered":"<div align=\"left\">\n<p dir=\"ltr\">Uma das novas escolas constru\u00eddas pela Prefeitura de Penedo em 2020 est\u00e1 com matr\u00edculas abertas para o pr\u00f3ximo ano letivo. A Escola Municipal de Educa\u00e7\u00e3o B\u00e1sica (EMEB) Professor Wilton Lucena \u00e9 a primeira unidade p\u00fablica da SEMED localizada no bairro Raimundo Marinho e abrir\u00e1 turmas para Educa\u00e7\u00e3o Infantil (Jardim I e II).<\/p>\n<\/div>\n<div align=\"left\">\n<p dir=\"ltr\">As matr\u00edculas est\u00e3o abertas at\u00e9 o pr\u00f3ximo dia 04 de dezembro em espa\u00e7o situado na creche municipal L\u00facia Nogueira, vizinha da EMEB Professor Wilton Lucena. A Secretaria Municipal de Educa\u00e7\u00e3o informa que o atendimento ao p\u00fablico est\u00e1 dispon\u00edvel das 8h00 \u00e0s 11h30 e das 13h30 \u00e0s 17 horas.<\/p>\n<\/div>\n<div align=\"left\">\n<p dir=\"ltr\">Para efetivar a matr\u00edcula de meninos e meninas, pais ou respons\u00e1veis precisam apresentar os seguintes documentos da crian\u00e7a: c\u00f3pia da certid\u00e3o de nascimento, cart\u00e3o do SUS, cart\u00e3o de vacina\u00e7\u00e3o e uma foto 3\u00d74. J\u00e1 os pais ou respons\u00e1veis precisam levar comprovante de resid\u00eancia e c\u00f3pia do RG e do CPF.<\/p>\n<\/div>\n<div align=\"left\">\n<p dir=\"ltr\">A EMEB Professor Wilton Lucena atender\u00e1 principalmente fam\u00edlias que residem no bairro que concentra investimentos em moradia popular. Todas as unidades do programa Minha Casa, Minha Vida em Penedo foram constru\u00eddas no local, s\u00e3o quase tr\u00eas mil casas, incluindo as dos residenciais Nilo Menezes e Vale do Marituba, obras dos governos municipal e estadual, respectivamente.<\/p>\n<\/div>\n<div align=\"left\">\n<p dir=\"ltr\">\n<p dir=\"ltr\">\n<strong>Fonte: Decom &#8211; PMP<\/strong><\/p>\n<p dir=\"ltr\">\n<\/div>\n","protected":false},"excerpt":{"rendered":"<p>Uma das novas escolas constru\u00eddas pela Prefeitura de Penedo em 2020 est\u00e1 com matr\u00edculas abertas para o pr\u00f3ximo ano letivo. A Escola Municipal de Educa\u00e7\u00e3o B\u00e1sica (EMEB) Professor Wilton Lucena \u00e9 a primeira unidade p\u00fablica da SEMED localizada no bairro Raimundo Marinho e abrir\u00e1 turmas para Educa\u00e7\u00e3o Infantil (Jardim I e II). As matr\u00edculas est\u00e3o &hellip;<\/p>\n","protected":false},"author":1,"featured_media":10967,"comment_status":"open","ping_status":"open","sticky":false,"template":"","format":"standard","meta":{"_jetpack_newsletter_access":"","_jetpack_dont_email_post_to_subs":false,"_jetpack_newsletter_tier_id":0,"_jetpack_memberships_contains_paywalled_content":false,"_jetpack_memberships_contains_paid_content":false,"footnotes":""},"categories":[1],"tags":[],"class_list":["post-10966","post","type-post","status-publish","format-standard","has-post-thumbnail","hentry","category-destaque"],"jetpack_sharing_enabled":true,"jetpack_featured_media_url":"","_links":{"self":[{"href":"https:\/\/www.oparanews.com.br\/index.php\/wp-json\/wp\/v2\/posts\/10966","targetHints":{"allow":["GET"]}}],"collection":[{"href":"https:\/\/www.oparanews.com.br\/index.php\/wp-json\/wp\/v2\/posts"}],"about":[{"href":"https:\/\/www.oparanews.com.br\/index.php\/wp-json\/wp\/v2\/types\/post"}],"author":[{"embeddable":true,"href":"https:\/\/www.oparanews.com.br\/index.php\/wp-json\/wp\/v2\/users\/1"}],"replies":[{"embeddable":true,"href":"https:\/\/www.oparanews.com.br\/index.php\/wp-json\/wp\/v2\/comments?post=10966"}],"version-history":[{"count":0,"href":"https:\/\/www.oparanews.com.br\/index.php\/wp-json\/wp\/v2\/posts\/10966\/revisions"}],"wp:attachment":[{"href":"https:\/\/www.oparanews.com.br\/index.php\/wp-json\/wp\/v2\/media?parent=10966"}],"wp:term":[{"taxonomy":"category","embeddable":true,"href":"https:\/\/www.oparanews.com.br\/index.php\/wp-json\/wp\/v2\/categories?post=10966"},{"taxonomy":"post_tag","embeddable":true,"href":"https:\/\/www.oparanews.com.br\/index.php\/wp-json\/wp\/v2\/tags?post=10966"}],"curies":[{"name":"wp","href":"https:\/\/api.w.org\/{rel}","templated":true}]}}