{"id":10969,"date":"2020-11-26T10:56:55","date_gmt":"2020-11-26T10:56:55","guid":{"rendered":"https:\/\/oparanews.com.br\/?p=10969"},"modified":"2020-11-26T10:56:55","modified_gmt":"2020-11-26T10:56:55","slug":"prefeitura-de-penedo-regulamenta-auxilio-emergencial-para-setor-cultural","status":"publish","type":"post","link":"https:\/\/www.oparanews.com.br\/index.php\/2020\/11\/26\/prefeitura-de-penedo-regulamenta-auxilio-emergencial-para-setor-cultural\/","title":{"rendered":"Prefeitura de Penedo regulamenta aux\u00edlio emergencial para setor cultural"},"content":{"rendered":"<div align=\"left\">\n<p dir=\"ltr\">A Prefeitura de Penedo, por meio da SEMCLEJ \u2013 Secretaria Municipal de Cultura, Lazer, Esporte e Juventude \u2013 publicou no Di\u00e1rio Oficial do Munic\u00edpio o decreto que trata da regulamenta\u00e7\u00e3o das a\u00e7\u00f5es emergenciais destinadas para artistas e entidades culturais.<\/p>\n<p dir=\"ltr\">As inscri\u00e7\u00f5es para solicita\u00e7\u00e3o do subs\u00eddio j\u00e1 est\u00e3o abertas ser\u00e3o realizadas no site da Prefeitura Municipal de Penedo\u00a0<a href=\"https:\/\/penedo.al.gov.br\/cadastro-cultural\/\">(https:\/\/penedo.al.gov.br\/cadastro-cultural\/)<\/a><\/p>\n<p dir=\"ltr\">O decreto municipal assinado pelo Prefeito Marcius Beltr\u00e3o considera a Lei Nacional n\u00ba 14.017, que recebeu a nomenclatura de Lei Aldir Blanc e trata sobre a implanta\u00e7\u00e3o do aux\u00edlio emergencial em raz\u00e3o da pandemia de Covid-19 para o setor cultural.<\/p>\n<p dir=\"ltr\">De acordo com o decreto est\u00e3o sendo \u00a0aplicados R$ 473.307,58 (quatrocentos e setenta e tr\u00eas mil, trezentos e sete reais e cinquenta e oito centavos) em a\u00e7\u00f5es emergenciais de apoio ao setor cultural, repassados pela Uni\u00e3o, sendo utilizados conforme determinam os incisos I, II e III e \u00a7 1\u00ba do art. 2\u00ba do Decreto n\u00ba 10.464, de 17 de agosto de 2020.<\/p>\n<p dir=\"ltr\">Para ser contemplado, o requerente dever\u00e1 atender aos crit\u00e9rios explicitados pelo decreto e tamb\u00e9m entregar toda a documenta\u00e7\u00e3o requerida.<\/p>\n<p dir=\"ltr\"><a href=\"https:\/\/sai.io.org.br\/Handler.ashx?f=diario&amp;query=1579&amp;c=11064&amp;m=0\">O decreto municipal pode ser acessado por meio do seguinte link: https:\/\/sai.io.org.br\/Handler.ashx?f=diario&amp;query=1579&amp;c=11064&amp;m=0<\/a><\/p>\n<p dir=\"ltr\"><b>Beneficio<\/b><\/p>\n<p dir=\"ltr\">De acordo\u00a0 com o Diretor do Departamento da Juventude da SEMCLEJ\u00a0 e Presidente da Comiss\u00e3o Especial de Avalia\u00e7\u00e3o T\u00e9cnica, Cleiton Porfirio, um pr\u00e9-cadastro foi realizado atrav\u00e9s de busca ativa realizada pelos profissionais da secretaria, \u00a0principalmente na zona rural e comunidades tradicionais.<\/p>\n<p dir=\"ltr\">O objetivo foi conhecer quais s\u00e3o os profissionais e entidades do setor cultural que est\u00e3o com as atividades paradas desde o come\u00e7o da pandemia.<\/p>\n<p dir=\"ltr\"><b>A Lei Aldir Blanc contempla \u00a0espa\u00e7os art\u00edsticos e culturais, pequenas e microempresas culturais, cooperativas, institui\u00e7\u00f5es e organiza\u00e7\u00f5es culturais comunit\u00e1rias que tiveram as suas atividades interrompidas devido ao isolamento social, e que n\u00e3o s\u00e3o mantidos pelo poder p\u00fablico.<\/b><\/p>\n<p dir=\"ltr\">Os valores pagos aos benefici\u00e1rios \u00a0ser\u00e3o da ordem de R$ 9.000,00 (nove mil reais) ou R$ 12.000,00 (doze mil reais), que correspondem a soma de 3 (tr\u00eas) parcelas mensais.<\/p>\n<p dir=\"ltr\">O Presidente da Comiss\u00e3o que analisa as solicita\u00e7\u00f5es tamb\u00e9m explicou que o benef\u00edcio ser\u00e1 pago por meio de contas banc\u00e1rias do Banco do Brasil, podendo ser abertas contas f\u00e1ceis por meio do aplicativo da pr\u00f3pria institui\u00e7\u00e3o financeira.<\/p>\n<p dir=\"ltr\">Cleiton Porf\u00edrio disse ainda que a SEMCLEJ \u00a0est\u00e1 \u00e0 disposi\u00e7\u00e3o para auxiliar no processo da abertura de conta pessoal (F\u00edsica)ou empresarial (Jur\u00eddica).<\/p>\n<p dir=\"ltr\">\n<p dir=\"ltr\"><strong>Fonte: Decom &#8211; PMP<\/strong><\/p>\n<p dir=\"ltr\">\n<\/div>\n","protected":false},"excerpt":{"rendered":"<p>A Prefeitura de Penedo, por meio da SEMCLEJ \u2013 Secretaria Municipal de Cultura, Lazer, Esporte e Juventude \u2013 publicou no Di\u00e1rio Oficial do Munic\u00edpio o decreto que trata da regulamenta\u00e7\u00e3o das a\u00e7\u00f5es emergenciais destinadas para artistas e entidades culturais. As inscri\u00e7\u00f5es para solicita\u00e7\u00e3o do subs\u00eddio j\u00e1 est\u00e3o abertas ser\u00e3o realizadas no site da Prefeitura Municipal &hellip;<\/p>\n","protected":false},"author":1,"featured_media":10970,"comment_status":"open","ping_status":"open","sticky":false,"template":"","format":"standard","meta":{"_jetpack_newsletter_access":"","_jetpack_dont_email_post_to_subs":false,"_jetpack_newsletter_tier_id":0,"_jetpack_memberships_contains_paywalled_content":false,"_jetpack_memberships_contains_paid_content":false,"footnotes":""},"categories":[1],"tags":[],"class_list":["post-10969","post","type-post","status-publish","format-standard","has-post-thumbnail","hentry","category-destaque"],"jetpack_sharing_enabled":true,"jetpack_featured_media_url":"","_links":{"self":[{"href":"https:\/\/www.oparanews.com.br\/index.php\/wp-json\/wp\/v2\/posts\/10969","targetHints":{"allow":["GET"]}}],"collection":[{"href":"https:\/\/www.oparanews.com.br\/index.php\/wp-json\/wp\/v2\/posts"}],"about":[{"href":"https:\/\/www.oparanews.com.br\/index.php\/wp-json\/wp\/v2\/types\/post"}],"author":[{"embeddable":true,"href":"https:\/\/www.oparanews.com.br\/index.php\/wp-json\/wp\/v2\/users\/1"}],"replies":[{"embeddable":true,"href":"https:\/\/www.oparanews.com.br\/index.php\/wp-json\/wp\/v2\/comments?post=10969"}],"version-history":[{"count":0,"href":"https:\/\/www.oparanews.com.br\/index.php\/wp-json\/wp\/v2\/posts\/10969\/revisions"}],"wp:attachment":[{"href":"https:\/\/www.oparanews.com.br\/index.php\/wp-json\/wp\/v2\/media?parent=10969"}],"wp:term":[{"taxonomy":"category","embeddable":true,"href":"https:\/\/www.oparanews.com.br\/index.php\/wp-json\/wp\/v2\/categories?post=10969"},{"taxonomy":"post_tag","embeddable":true,"href":"https:\/\/www.oparanews.com.br\/index.php\/wp-json\/wp\/v2\/tags?post=10969"}],"curies":[{"name":"wp","href":"https:\/\/api.w.org\/{rel}","templated":true}]}}