{"id":10978,"date":"2020-11-27T02:22:00","date_gmt":"2020-11-27T02:22:00","guid":{"rendered":"https:\/\/oparanews.com.br\/?p=10978"},"modified":"2020-11-27T02:22:00","modified_gmt":"2020-11-27T02:22:00","slug":"fla-e-domenec-ainda-nao-chegaram-a-um-acordo-pela-rescisao","status":"publish","type":"post","link":"https:\/\/www.oparanews.com.br\/index.php\/2020\/11\/27\/fla-e-domenec-ainda-nao-chegaram-a-um-acordo-pela-rescisao\/","title":{"rendered":"Fla e Dom\u00e8nec ainda n\u00e3o chegaram a um acordo pela rescis\u00e3o"},"content":{"rendered":"<p>Destitu\u00eddo do cargo de t\u00e9cnico do Flamengo desde o dia 9 de novembro, Dom\u00e8nec Torrent ainda possui v\u00ednculo com o clube. Isso porque, o treinador e o Rubro-Negro n\u00e3o chegaram a um acordo pela rescis\u00e3o contratual. A informa\u00e7\u00e3o inicial \u00e9 do jornal &#8220;O Dia&#8221; e foi confirmada pelo LANCE!.<\/p>\n<p>Enquanto Dome segue no Rio de Janeiro, ainda h\u00e1 conversas visando os termos do pagamento da multa rescis\u00f3ria do catal\u00e3o. O valor \u00e9 estipulado em 1,8 milh\u00f5es de euros (aproximadamente R$ 11,4 milh\u00f5es).<\/p>\n<p>O treinador sentiu-se desamparado e n\u00e3o ficou satisfeito com a forma com que a diretoria do Fla lidou com os recentes resultados ruins, que culminaram na sa\u00edda do t\u00e9cnico &#8211; e, consequentemente, na contrata\u00e7\u00e3o de Rog\u00e9rio Ceni.<\/p>\n<p>Dom\u00e8nec Torrent foi anunciado como treinador do Flamengo em 31 de julho e deixou o comando do time com 14 vit\u00f3rias, quatro empates e seis derrotas. Cobi\u00e7ado pelo mercado norte-americano, onde j\u00e1 treinou o New York City, o comandante s\u00f3 se pronunciar\u00e1 publicamente ap\u00f3s selar a rescis\u00e3o com o Fla.<\/p>\n<p>Atualmente, Dome tem conhecido pontos tur\u00edsticos do Rio, uma vez que a sua rotina enquanto t\u00e9cnico do Fla era centrada no trabalho di\u00e1rio no Ninho do Urubu.<\/p>\n<p>&nbsp;<\/p>\n<p><strong>Fonte: Lance<\/strong><\/p>\n<p>&nbsp;<\/p>\n","protected":false},"excerpt":{"rendered":"<p>Destitu\u00eddo do cargo de t\u00e9cnico do Flamengo desde o dia 9 de novembro, Dom\u00e8nec Torrent ainda possui v\u00ednculo com o clube. Isso porque, o treinador e o Rubro-Negro n\u00e3o chegaram a um acordo pela rescis\u00e3o contratual. A informa\u00e7\u00e3o inicial \u00e9 do jornal &#8220;O Dia&#8221; e foi confirmada pelo LANCE!. Enquanto Dome segue no Rio de &hellip;<\/p>\n","protected":false},"author":1,"featured_media":10980,"comment_status":"open","ping_status":"open","sticky":false,"template":"","format":"standard","meta":{"_jetpack_newsletter_access":"","_jetpack_dont_email_post_to_subs":false,"_jetpack_newsletter_tier_id":0,"_jetpack_memberships_contains_paywalled_content":false,"_jetpack_memberships_contains_paid_content":false,"footnotes":""},"categories":[1],"tags":[],"class_list":["post-10978","post","type-post","status-publish","format-standard","has-post-thumbnail","hentry","category-destaque"],"jetpack_sharing_enabled":true,"jetpack_featured_media_url":"","_links":{"self":[{"href":"https:\/\/www.oparanews.com.br\/index.php\/wp-json\/wp\/v2\/posts\/10978","targetHints":{"allow":["GET"]}}],"collection":[{"href":"https:\/\/www.oparanews.com.br\/index.php\/wp-json\/wp\/v2\/posts"}],"about":[{"href":"https:\/\/www.oparanews.com.br\/index.php\/wp-json\/wp\/v2\/types\/post"}],"author":[{"embeddable":true,"href":"https:\/\/www.oparanews.com.br\/index.php\/wp-json\/wp\/v2\/users\/1"}],"replies":[{"embeddable":true,"href":"https:\/\/www.oparanews.com.br\/index.php\/wp-json\/wp\/v2\/comments?post=10978"}],"version-history":[{"count":0,"href":"https:\/\/www.oparanews.com.br\/index.php\/wp-json\/wp\/v2\/posts\/10978\/revisions"}],"wp:attachment":[{"href":"https:\/\/www.oparanews.com.br\/index.php\/wp-json\/wp\/v2\/media?parent=10978"}],"wp:term":[{"taxonomy":"category","embeddable":true,"href":"https:\/\/www.oparanews.com.br\/index.php\/wp-json\/wp\/v2\/categories?post=10978"},{"taxonomy":"post_tag","embeddable":true,"href":"https:\/\/www.oparanews.com.br\/index.php\/wp-json\/wp\/v2\/tags?post=10978"}],"curies":[{"name":"wp","href":"https:\/\/api.w.org\/{rel}","templated":true}]}}