{"id":10982,"date":"2020-11-27T02:30:33","date_gmt":"2020-11-27T02:30:33","guid":{"rendered":"https:\/\/oparanews.com.br\/?p=10982"},"modified":"2020-11-27T02:30:33","modified_gmt":"2020-11-27T02:30:33","slug":"dia-do-evangelico-tera-ponto-facultativo-em-setores-da-prefeitura-de-penedo","status":"publish","type":"post","link":"https:\/\/www.oparanews.com.br\/index.php\/2020\/11\/27\/dia-do-evangelico-tera-ponto-facultativo-em-setores-da-prefeitura-de-penedo\/","title":{"rendered":"Dia do Evang\u00e9lico ter\u00e1 ponto facultativo em setores da Prefeitura de Penedo"},"content":{"rendered":"<p dir=\"ltr\">A data de 30 de novembro celebra o Dia do Evang\u00e9lico em Alagoas. O feriado estadual, previsto desde 2013 na Lei n\u00ba 7.530, fundamento o Decreto Municipal 710\/2020 que prev\u00ea ponto facultativo para servidores da Prefeitura de Penedo.<\/p>\n<p dir=\"ltr\"><a href=\"https:\/\/sai.io.org.br\/Handler.ashx?f=diario&amp;query=1583&amp;c=11064&amp;m=0\">O ato administrativo do Prefeito Marcius Beltr\u00e3o est\u00e1 publicado no Di\u00e1rio Oficial do Munic\u00edpio em sua edi\u00e7\u00e3o de n\u00ba 1.583, nesta quinta-feira, 26 de novembro.<\/a><\/p>\n<p dir=\"ltr\">Vale destacar que o Decreto Municipal n\u00ba 710\/2020 n\u00e3o se aplica \u00e0s atividades relativas \u00e0 Secretaria Municipal de Cultura, Lazer, Esporte e Juventude (SEMCLEJ) nos pontos de visita\u00e7\u00e3o tur\u00edstica de responsabilidade da Prefeitura de Penedo.<\/p>\n<p dir=\"ltr\">Al\u00e9m disso, servi\u00e7os como limpeza de vias e logradouros p\u00fablicos, coleta de lixo dom\u00e9stico e ilumina\u00e7\u00e3o p\u00fablica tamb\u00e9m permanecem funcionando normalmente, assim como o atendimento na Unidade de Pronto Atendimento (UPA) e a realiza\u00e7\u00e3o de consultas e exame pr\u00e9-agendados.<\/p>\n<p dir=\"ltr\">\n<p dir=\"ltr\"><strong>Fonte: Decom &#8211; PMP<\/strong><\/p>\n<p dir=\"ltr\">\n","protected":false},"excerpt":{"rendered":"<p>A data de 30 de novembro celebra o Dia do Evang\u00e9lico em Alagoas. O feriado estadual, previsto desde 2013 na Lei n\u00ba 7.530, fundamento o Decreto Municipal 710\/2020 que prev\u00ea ponto facultativo para servidores da Prefeitura de Penedo. O ato administrativo do Prefeito Marcius Beltr\u00e3o est\u00e1 publicado no Di\u00e1rio Oficial do Munic\u00edpio em sua edi\u00e7\u00e3o &hellip;<\/p>\n","protected":false},"author":1,"featured_media":10983,"comment_status":"open","ping_status":"open","sticky":false,"template":"","format":"standard","meta":{"_jetpack_newsletter_access":"","_jetpack_dont_email_post_to_subs":false,"_jetpack_newsletter_tier_id":0,"_jetpack_memberships_contains_paywalled_content":false,"_jetpack_memberships_contains_paid_content":false,"footnotes":""},"categories":[1],"tags":[],"class_list":["post-10982","post","type-post","status-publish","format-standard","has-post-thumbnail","hentry","category-destaque"],"jetpack_sharing_enabled":true,"jetpack_featured_media_url":"","_links":{"self":[{"href":"https:\/\/www.oparanews.com.br\/index.php\/wp-json\/wp\/v2\/posts\/10982","targetHints":{"allow":["GET"]}}],"collection":[{"href":"https:\/\/www.oparanews.com.br\/index.php\/wp-json\/wp\/v2\/posts"}],"about":[{"href":"https:\/\/www.oparanews.com.br\/index.php\/wp-json\/wp\/v2\/types\/post"}],"author":[{"embeddable":true,"href":"https:\/\/www.oparanews.com.br\/index.php\/wp-json\/wp\/v2\/users\/1"}],"replies":[{"embeddable":true,"href":"https:\/\/www.oparanews.com.br\/index.php\/wp-json\/wp\/v2\/comments?post=10982"}],"version-history":[{"count":0,"href":"https:\/\/www.oparanews.com.br\/index.php\/wp-json\/wp\/v2\/posts\/10982\/revisions"}],"wp:attachment":[{"href":"https:\/\/www.oparanews.com.br\/index.php\/wp-json\/wp\/v2\/media?parent=10982"}],"wp:term":[{"taxonomy":"category","embeddable":true,"href":"https:\/\/www.oparanews.com.br\/index.php\/wp-json\/wp\/v2\/categories?post=10982"},{"taxonomy":"post_tag","embeddable":true,"href":"https:\/\/www.oparanews.com.br\/index.php\/wp-json\/wp\/v2\/tags?post=10982"}],"curies":[{"name":"wp","href":"https:\/\/api.w.org\/{rel}","templated":true}]}}