{"id":10985,"date":"2020-11-27T02:37:54","date_gmt":"2020-11-27T02:37:54","guid":{"rendered":"https:\/\/oparanews.com.br\/?p=10985"},"modified":"2020-11-27T02:37:54","modified_gmt":"2020-11-27T02:37:54","slug":"prefeitura-de-penedo-institui-comissao-de-transicao-de-governo","status":"publish","type":"post","link":"https:\/\/www.oparanews.com.br\/index.php\/2020\/11\/27\/prefeitura-de-penedo-institui-comissao-de-transicao-de-governo\/","title":{"rendered":"Prefeitura de Penedo institui Comiss\u00e3o de Transi\u00e7\u00e3o de Governo"},"content":{"rendered":"<p>O grupo de trabalho que coordenar\u00e1 a transi\u00e7\u00e3o entre a atual e a pr\u00f3xima gest\u00e3o da Prefeitura de Penedo j\u00e1 est\u00e1 oficializado. Os nomes que comp\u00f5em a Comiss\u00e3o de Transi\u00e7\u00e3o de Governo foram publicados nesta quinta-feira, 26 de novembro, no Di\u00e1rio Oficial do Munic\u00edpio.<\/p>\n<p>Representando a administra\u00e7\u00e3o do Prefeito Marcius Beltr\u00e3o estar\u00e3o a controladora Rita de C\u00e1ssia Barreto, o procurador-geral Lu\u00eds Costa Cruz, o secret\u00e1rio de Assist\u00eancia Social Marcos Vin\u00edcius Barbosa e as servidoras Joelma Ricardo Santos e Maria Aparecida Silva.<\/p>\n<p>De parte do pr\u00f3ximo prefeito de Penedo, o engenheiro civil Ronaldo Lopes, estar\u00e3o \u00e0 mesa de trabalho Guilherme Ressurrei\u00e7\u00e3o Lopes, Pedro Soares Neto, Luciano Barros Lucena, Daniel da Silva Lima e Martha M\u00e1rtyres.<\/p>\n<p><a href=\"https:\/\/sai.io.org.br\/Handler.ashx?f=diario&amp;query=1583&amp;c=11064&amp;m=0\">Ainda de acordo com o Decreto n\u00ba 711\/2020<\/a>, os membros da Comiss\u00e3o de Transi\u00e7\u00e3o de Governo n\u00e3o t\u00eam direito \u00e0 remunera\u00e7\u00e3o pelo servi\u00e7o que ser\u00e1 coordenado por Guilherme Lopes, condi\u00e7\u00e3o que o habilita a requisitar qualquer informa\u00e7\u00e3o dos \u00f3rg\u00e3os e entidades da administra\u00e7\u00e3o p\u00fablica municipal.<\/p>\n<p>&nbsp;<\/p>\n<p><strong>Fonte: Decom &#8211; PMP<\/strong><\/p>\n<p>&nbsp;<\/p>\n","protected":false},"excerpt":{"rendered":"<p>O grupo de trabalho que coordenar\u00e1 a transi\u00e7\u00e3o entre a atual e a pr\u00f3xima gest\u00e3o da Prefeitura de Penedo j\u00e1 est\u00e1 oficializado. Os nomes que comp\u00f5em a Comiss\u00e3o de Transi\u00e7\u00e3o de Governo foram publicados nesta quinta-feira, 26 de novembro, no Di\u00e1rio Oficial do Munic\u00edpio. Representando a administra\u00e7\u00e3o do Prefeito Marcius Beltr\u00e3o estar\u00e3o a controladora Rita &hellip;<\/p>\n","protected":false},"author":1,"featured_media":10986,"comment_status":"open","ping_status":"open","sticky":false,"template":"","format":"standard","meta":{"_jetpack_newsletter_access":"","_jetpack_dont_email_post_to_subs":false,"_jetpack_newsletter_tier_id":0,"_jetpack_memberships_contains_paywalled_content":false,"_jetpack_memberships_contains_paid_content":false,"footnotes":""},"categories":[1],"tags":[],"class_list":["post-10985","post","type-post","status-publish","format-standard","has-post-thumbnail","hentry","category-destaque"],"jetpack_sharing_enabled":true,"jetpack_featured_media_url":"","_links":{"self":[{"href":"https:\/\/www.oparanews.com.br\/index.php\/wp-json\/wp\/v2\/posts\/10985","targetHints":{"allow":["GET"]}}],"collection":[{"href":"https:\/\/www.oparanews.com.br\/index.php\/wp-json\/wp\/v2\/posts"}],"about":[{"href":"https:\/\/www.oparanews.com.br\/index.php\/wp-json\/wp\/v2\/types\/post"}],"author":[{"embeddable":true,"href":"https:\/\/www.oparanews.com.br\/index.php\/wp-json\/wp\/v2\/users\/1"}],"replies":[{"embeddable":true,"href":"https:\/\/www.oparanews.com.br\/index.php\/wp-json\/wp\/v2\/comments?post=10985"}],"version-history":[{"count":0,"href":"https:\/\/www.oparanews.com.br\/index.php\/wp-json\/wp\/v2\/posts\/10985\/revisions"}],"wp:attachment":[{"href":"https:\/\/www.oparanews.com.br\/index.php\/wp-json\/wp\/v2\/media?parent=10985"}],"wp:term":[{"taxonomy":"category","embeddable":true,"href":"https:\/\/www.oparanews.com.br\/index.php\/wp-json\/wp\/v2\/categories?post=10985"},{"taxonomy":"post_tag","embeddable":true,"href":"https:\/\/www.oparanews.com.br\/index.php\/wp-json\/wp\/v2\/tags?post=10985"}],"curies":[{"name":"wp","href":"https:\/\/api.w.org\/{rel}","templated":true}]}}