{"id":10991,"date":"2020-11-27T18:59:32","date_gmt":"2020-11-27T18:59:32","guid":{"rendered":"https:\/\/oparanews.com.br\/?p=10991"},"modified":"2020-11-27T18:59:32","modified_gmt":"2020-11-27T18:59:32","slug":"ufal-divulga-lista-de-convocados-na-3a-chamada-de-pre-matricula-do-sisu-2020-1","status":"publish","type":"post","link":"https:\/\/www.oparanews.com.br\/index.php\/2020\/11\/27\/ufal-divulga-lista-de-convocados-na-3a-chamada-de-pre-matricula-do-sisu-2020-1\/","title":{"rendered":"Ufal divulga lista de convocados na 3\u00aa chamada de pr\u00e9-matr\u00edcula do Sisu 2020.1"},"content":{"rendered":"<p>A Universidade Federal de Alagoas (Ufal), por meio da Copeve, divulgou nesta semana a lista dos convocados na 3\u00aa chamada da pr\u00e9-matr\u00edcula do Sisu 2020.1. A pr\u00e9-matr\u00edcula \u00e9 totalmente online e deve ser realizada at\u00e9 a pr\u00f3xima ter\u00e7a-feira, dia 1\u00ba de dezembro.<\/p>\n<p><a href=\"http:\/\/www.copeve.ufal.br\/\"><strong>Clique aqui para fazer a pr\u00e9-matr\u00edcula<\/strong><\/a><\/p>\n<p><strong>Confira a lista de convocados<\/strong><\/p>\n<p><a href=\"http:\/\/www.copeve.ufal.br\/sistema\/anexos\/Processo%20Seletivo%20UFAL%202020%20-%20SiSU%202020.1\/Edital%20N%2041.2020-%20Convocacao%20Para%202%20Banca%20De%20Heteroidentificacao%20-%20Sisu%202020.1.pdf\"><strong>Veja o edital de valida\u00e7\u00e3o \u00e9tnico-racial<\/strong><\/a><\/p>\n<p>Os convocados devem enviar os documentos pelo site e, quando terminarem o envio, devem imprimir o comprovante de pr\u00e9-matr\u00edcula com a lista com a rela\u00e7\u00e3o de documentos anexados.<\/p>\n<p>D\u00favidas sobre os procedimentos de pr\u00e9-matr\u00edcula podem ser sanadas pelos n\u00fameros (82) 3214-1692\/1694 ou pelo e-mail: copeve.candidato@gmail.com.<\/p>\n<p>Valida\u00e7\u00e3o \u00e9tnico-racial para candidatos que se declaram negros (pretos e pardos)<\/p>\n<p>A Universidade divulgou tamb\u00e9m a rela\u00e7\u00e3o de convocados para as bancas de valida\u00e7\u00e3o \u00e9tnico-racial. Os candidatos devem enviar os documentos para a pr\u00e9-matr\u00edcula e tamb\u00e9m seguir as orienta\u00e7\u00f5es do edital da 2\u00aa banca de valida\u00e7\u00e3o para envio dos arquivos solicitados como fotos e v\u00eddeos.<\/p>\n<p>Tudo \u00e9 feito por email. O prazo \u00e9 o mesmo da 3\u00aa chamada do Sisu, at\u00e9 1\u00ba de dezembro.<\/p>\n<p>&nbsp;<\/p>\n<p><strong>Fonte: Ag\u00eancia Alagoas<\/strong><\/p>\n<p>&nbsp;<\/p>\n","protected":false},"excerpt":{"rendered":"<p>A Universidade Federal de Alagoas (Ufal), por meio da Copeve, divulgou nesta semana a lista dos convocados na 3\u00aa chamada da pr\u00e9-matr\u00edcula do Sisu 2020.1. A pr\u00e9-matr\u00edcula \u00e9 totalmente online e deve ser realizada at\u00e9 a pr\u00f3xima ter\u00e7a-feira, dia 1\u00ba de dezembro. Clique aqui para fazer a pr\u00e9-matr\u00edcula Confira a lista de convocados Veja o &hellip;<\/p>\n","protected":false},"author":1,"featured_media":10992,"comment_status":"open","ping_status":"open","sticky":false,"template":"","format":"standard","meta":{"_jetpack_newsletter_access":"","_jetpack_dont_email_post_to_subs":false,"_jetpack_newsletter_tier_id":0,"_jetpack_memberships_contains_paywalled_content":false,"_jetpack_memberships_contains_paid_content":false,"footnotes":""},"categories":[1],"tags":[],"class_list":["post-10991","post","type-post","status-publish","format-standard","has-post-thumbnail","hentry","category-destaque"],"jetpack_sharing_enabled":true,"jetpack_featured_media_url":"","_links":{"self":[{"href":"https:\/\/www.oparanews.com.br\/index.php\/wp-json\/wp\/v2\/posts\/10991","targetHints":{"allow":["GET"]}}],"collection":[{"href":"https:\/\/www.oparanews.com.br\/index.php\/wp-json\/wp\/v2\/posts"}],"about":[{"href":"https:\/\/www.oparanews.com.br\/index.php\/wp-json\/wp\/v2\/types\/post"}],"author":[{"embeddable":true,"href":"https:\/\/www.oparanews.com.br\/index.php\/wp-json\/wp\/v2\/users\/1"}],"replies":[{"embeddable":true,"href":"https:\/\/www.oparanews.com.br\/index.php\/wp-json\/wp\/v2\/comments?post=10991"}],"version-history":[{"count":0,"href":"https:\/\/www.oparanews.com.br\/index.php\/wp-json\/wp\/v2\/posts\/10991\/revisions"}],"wp:attachment":[{"href":"https:\/\/www.oparanews.com.br\/index.php\/wp-json\/wp\/v2\/media?parent=10991"}],"wp:term":[{"taxonomy":"category","embeddable":true,"href":"https:\/\/www.oparanews.com.br\/index.php\/wp-json\/wp\/v2\/categories?post=10991"},{"taxonomy":"post_tag","embeddable":true,"href":"https:\/\/www.oparanews.com.br\/index.php\/wp-json\/wp\/v2\/tags?post=10991"}],"curies":[{"name":"wp","href":"https:\/\/api.w.org\/{rel}","templated":true}]}}