{"id":10994,"date":"2020-11-27T19:01:53","date_gmt":"2020-11-27T19:01:53","guid":{"rendered":"https:\/\/oparanews.com.br\/?p=10994"},"modified":"2020-11-27T19:01:53","modified_gmt":"2020-11-27T19:01:53","slug":"al-confirma-332-novos-casos-e-mais-duas-mortes-por-covid-19","status":"publish","type":"post","link":"https:\/\/www.oparanews.com.br\/index.php\/2020\/11\/27\/al-confirma-332-novos-casos-e-mais-duas-mortes-por-covid-19\/","title":{"rendered":"AL confirma 332 novos casos e mais duas mortes por Covid-19"},"content":{"rendered":"<p>Alagoas confirmou 332 novos casos e mais duas mortes causadas pela Covid-19 nas \u00faltimas 24 horas, segundo o boletim epidemiol\u00f3gico divulgado nesta sexta-feira (27) pela Secretaria de Estado da Sa\u00fade (Sesau). Com isso, o total de casos subiu para 94.392 e o de \u00f3bitos, para 2.331.<\/p>\n<p>O n\u00famero di\u00e1rio de novos casos \u00e9 o dobro do que foi registrado um dia antes, na quinta (26). O mais recente relat\u00f3rio do Observat\u00f3rio Alagoano de Pol\u00edticas P\u00fablicas para o Enfrentamento da Covid-19, da Universidade Federal de Alagoas (Ufal), j\u00e1 alertava para o aumento de casos na capital.<\/p>\n<p>Entre as pessoas infectadas pelo novo coronav\u00edrus, 90.836 conseguiram se recuperar.<\/p>\n<p>O estado tem ainda 2.051 casos suspeitos, \u00e0 espera de resultado dos testes laboratoriais.<\/p>\n<p>A taxa de ocupa\u00e7\u00e3o dos leitos exclusivos para pacientes com suspeita ou confirma\u00e7\u00e3o da doen\u00e7a est\u00e1 em 33%, segundo a \u00faltima atualiza\u00e7\u00e3o, feita na noite de quinta (26). Considerando apenas os leitos de UTI, a ocupa\u00e7\u00e3o sobe para 45%.<\/p>\n<p>&nbsp;<\/p>\n<p><strong>Fonte: G1\/AL<\/strong><\/p>\n<p>&nbsp;<\/p>\n","protected":false},"excerpt":{"rendered":"<p>Alagoas confirmou 332 novos casos e mais duas mortes causadas pela Covid-19 nas \u00faltimas 24 horas, segundo o boletim epidemiol\u00f3gico divulgado nesta sexta-feira (27) pela Secretaria de Estado da Sa\u00fade (Sesau). Com isso, o total de casos subiu para 94.392 e o de \u00f3bitos, para 2.331. O n\u00famero di\u00e1rio de novos casos \u00e9 o dobro &hellip;<\/p>\n","protected":false},"author":1,"featured_media":8426,"comment_status":"open","ping_status":"open","sticky":false,"template":"","format":"standard","meta":{"_jetpack_newsletter_access":"","_jetpack_dont_email_post_to_subs":false,"_jetpack_newsletter_tier_id":0,"_jetpack_memberships_contains_paywalled_content":false,"_jetpack_memberships_contains_paid_content":false,"footnotes":""},"categories":[1],"tags":[],"class_list":["post-10994","post","type-post","status-publish","format-standard","has-post-thumbnail","hentry","category-destaque"],"jetpack_sharing_enabled":true,"jetpack_featured_media_url":"","_links":{"self":[{"href":"https:\/\/www.oparanews.com.br\/index.php\/wp-json\/wp\/v2\/posts\/10994","targetHints":{"allow":["GET"]}}],"collection":[{"href":"https:\/\/www.oparanews.com.br\/index.php\/wp-json\/wp\/v2\/posts"}],"about":[{"href":"https:\/\/www.oparanews.com.br\/index.php\/wp-json\/wp\/v2\/types\/post"}],"author":[{"embeddable":true,"href":"https:\/\/www.oparanews.com.br\/index.php\/wp-json\/wp\/v2\/users\/1"}],"replies":[{"embeddable":true,"href":"https:\/\/www.oparanews.com.br\/index.php\/wp-json\/wp\/v2\/comments?post=10994"}],"version-history":[{"count":0,"href":"https:\/\/www.oparanews.com.br\/index.php\/wp-json\/wp\/v2\/posts\/10994\/revisions"}],"wp:attachment":[{"href":"https:\/\/www.oparanews.com.br\/index.php\/wp-json\/wp\/v2\/media?parent=10994"}],"wp:term":[{"taxonomy":"category","embeddable":true,"href":"https:\/\/www.oparanews.com.br\/index.php\/wp-json\/wp\/v2\/categories?post=10994"},{"taxonomy":"post_tag","embeddable":true,"href":"https:\/\/www.oparanews.com.br\/index.php\/wp-json\/wp\/v2\/tags?post=10994"}],"curies":[{"name":"wp","href":"https:\/\/api.w.org\/{rel}","templated":true}]}}