{"id":10996,"date":"2020-11-27T19:51:44","date_gmt":"2020-11-27T19:51:44","guid":{"rendered":"https:\/\/oparanews.com.br\/?p=10996"},"modified":"2020-11-27T19:51:44","modified_gmt":"2020-11-27T19:51:44","slug":"neguinho-da-beija-flor-e-internado-com-covid-19","status":"publish","type":"post","link":"https:\/\/www.oparanews.com.br\/index.php\/2020\/11\/27\/neguinho-da-beija-flor-e-internado-com-covid-19\/","title":{"rendered":"Neguinho da Beija-flor \u00e9 internado com Covid-19"},"content":{"rendered":"<p>O sambista Neguinho da Beija-flor foi internado na quinta-feira (26\/11), com coronav\u00edrus. O cantor fez o teste na semana passada e chegou a postar nas redes sociais um v\u00eddeo com o procedimento, feito em casa.<\/p>\n<p>De acordo com o filho do artista, Jr. Beija-flor, ele passa bem e a interna\u00e7\u00e3o foi necess\u00e1ria em raz\u00e3o de um quadro de desidrata\u00e7\u00e3o.<\/p>\n<p>\u201cN\u00e3o \u00e9 nada grave. \u00c9 mais pelo quadro de desidrata\u00e7\u00e3o. Vai ficar dois dias internado, no m\u00e1ximo. Daqui a pouco ele est\u00e1 a\u00ed\u201d, disse Jr. nos Stories do Instagram. Ele ainda pediu ora\u00e7\u00f5es, agradeceu o apoio que a fam\u00edlia vem recebendo e, ainda, tranquilizou os f\u00e3s sobre o estado de sa\u00fade de Neguinho da Beija-Flor.<\/p>\n<p>H\u00e1 pouco mais de um m\u00eas, o neto do sambista, Gabriel Ribeiro Marcondes, de 20 anos, foi morto a tiros durante um confronto entre policiais e criminosos na Baixada Fluminense. Segundo a fam\u00edlia, Gabriel Marcondes estava no local para montar uma tenda para o evento.<\/p>\n<p>&nbsp;<\/p>\n<p><strong>Fonte: Metr\u00f3poles<\/strong><\/p>\n<p>&nbsp;<\/p>\n","protected":false},"excerpt":{"rendered":"<p>O sambista Neguinho da Beija-flor foi internado na quinta-feira (26\/11), com coronav\u00edrus. O cantor fez o teste na semana passada e chegou a postar nas redes sociais um v\u00eddeo com o procedimento, feito em casa. De acordo com o filho do artista, Jr. Beija-flor, ele passa bem e a interna\u00e7\u00e3o foi necess\u00e1ria em raz\u00e3o de &hellip;<\/p>\n","protected":false},"author":1,"featured_media":10997,"comment_status":"open","ping_status":"open","sticky":false,"template":"","format":"standard","meta":{"_jetpack_newsletter_access":"","_jetpack_dont_email_post_to_subs":false,"_jetpack_newsletter_tier_id":0,"_jetpack_memberships_contains_paywalled_content":false,"_jetpack_memberships_contains_paid_content":false,"footnotes":""},"categories":[1],"tags":[],"class_list":["post-10996","post","type-post","status-publish","format-standard","has-post-thumbnail","hentry","category-destaque"],"jetpack_sharing_enabled":true,"jetpack_featured_media_url":"","_links":{"self":[{"href":"https:\/\/www.oparanews.com.br\/index.php\/wp-json\/wp\/v2\/posts\/10996","targetHints":{"allow":["GET"]}}],"collection":[{"href":"https:\/\/www.oparanews.com.br\/index.php\/wp-json\/wp\/v2\/posts"}],"about":[{"href":"https:\/\/www.oparanews.com.br\/index.php\/wp-json\/wp\/v2\/types\/post"}],"author":[{"embeddable":true,"href":"https:\/\/www.oparanews.com.br\/index.php\/wp-json\/wp\/v2\/users\/1"}],"replies":[{"embeddable":true,"href":"https:\/\/www.oparanews.com.br\/index.php\/wp-json\/wp\/v2\/comments?post=10996"}],"version-history":[{"count":0,"href":"https:\/\/www.oparanews.com.br\/index.php\/wp-json\/wp\/v2\/posts\/10996\/revisions"}],"wp:attachment":[{"href":"https:\/\/www.oparanews.com.br\/index.php\/wp-json\/wp\/v2\/media?parent=10996"}],"wp:term":[{"taxonomy":"category","embeddable":true,"href":"https:\/\/www.oparanews.com.br\/index.php\/wp-json\/wp\/v2\/categories?post=10996"},{"taxonomy":"post_tag","embeddable":true,"href":"https:\/\/www.oparanews.com.br\/index.php\/wp-json\/wp\/v2\/tags?post=10996"}],"curies":[{"name":"wp","href":"https:\/\/api.w.org\/{rel}","templated":true}]}}