{"id":10999,"date":"2020-11-27T19:52:50","date_gmt":"2020-11-27T19:52:50","guid":{"rendered":"https:\/\/oparanews.com.br\/?p=10999"},"modified":"2020-11-27T19:52:50","modified_gmt":"2020-11-27T19:52:50","slug":"salvador-carnaval-esta-suspenso-e-nao-sera-em-fevereiro","status":"publish","type":"post","link":"https:\/\/www.oparanews.com.br\/index.php\/2020\/11\/27\/salvador-carnaval-esta-suspenso-e-nao-sera-em-fevereiro\/","title":{"rendered":"Carnaval est\u00e1 suspenso e n\u00e3o ser\u00e1 em fevereiro"},"content":{"rendered":"<p>O prefeito ACM Neto anunciou nesta sexta-feira (27) que o Carnaval de Salvador n\u00e3o acontecer\u00e1 em fevereiro e est\u00e1, no momento, suspenso. &#8220;Trabalhei no limite do prazo para tomada dessa decis\u00e3o&#8221;, afirmou Neto. &#8220;E ele pode acontecer em outro momento? Tudo vai depender da vacina&#8221;, afirmou o prefeito. Ele disse que a possibilidade do Carnaval acontecer em 2021 est\u00e1 condicionada \u00e0 exist\u00eancia de uma vacina acess\u00edvel a todos. &#8220;N\u00e3o h\u00e1 data nesse momento prevista. N\u00e3o h\u00e1 prazo previsto&#8221;.<\/p>\n<p>Neto lembrou que sempre defendeu que caso haja a vacina dispon\u00edvel, os prefeitos das principais cidades com Carnaval se re\u00fanam para escolher uma data em comum para a folia. &#8220;Agora, nem eu, nem Bruno (Reis, prefeito eleito), nem ningu\u00e9m, pode estabelecer uma data. Porque essa data depender\u00e1 da vacina. N\u00e3o est\u00e1 claro para ningu\u00e9m quando vamos ter essa vacina. Quando essa vacina vai ser colocada no bracinho de todos os brasileiros. E ningu\u00e9m \u00e9 louco de prever o Carnaval sem a seguran\u00e7a de uma vacina que imunize toda popula\u00e7\u00e3o&#8221;, destacou.<\/p>\n<p>Ele disse que esperou at\u00e9 o final de novembro para saber se ter\u00edamos alguma ideia do prazo para a vacina. &#8220;Ningu\u00e9m ser\u00e1 irrespons\u00e1vel de marcar uma data para o Carnaval sem ter essa clareza&#8221;, repetiu. &#8220;N\u00e3o teremos Carnaval em fevereiro. Qualquer outra coisa \u00e9 especula\u00e7\u00e3o, \u00e9 boato&#8221;.<\/p>\n<p>&nbsp;<\/p>\n<p><strong>Fonte: Correio 24h<\/strong><\/p>\n<p>&nbsp;<\/p>\n","protected":false},"excerpt":{"rendered":"<p>O prefeito ACM Neto anunciou nesta sexta-feira (27) que o Carnaval de Salvador n\u00e3o acontecer\u00e1 em fevereiro e est\u00e1, no momento, suspenso. &#8220;Trabalhei no limite do prazo para tomada dessa decis\u00e3o&#8221;, afirmou Neto. &#8220;E ele pode acontecer em outro momento? Tudo vai depender da vacina&#8221;, afirmou o prefeito. Ele disse que a possibilidade do Carnaval &hellip;<\/p>\n","protected":false},"author":1,"featured_media":11000,"comment_status":"open","ping_status":"open","sticky":false,"template":"","format":"standard","meta":{"_jetpack_newsletter_access":"","_jetpack_dont_email_post_to_subs":false,"_jetpack_newsletter_tier_id":0,"_jetpack_memberships_contains_paywalled_content":false,"_jetpack_memberships_contains_paid_content":false,"footnotes":""},"categories":[1],"tags":[],"class_list":["post-10999","post","type-post","status-publish","format-standard","has-post-thumbnail","hentry","category-destaque"],"jetpack_sharing_enabled":true,"jetpack_featured_media_url":"","_links":{"self":[{"href":"https:\/\/www.oparanews.com.br\/index.php\/wp-json\/wp\/v2\/posts\/10999","targetHints":{"allow":["GET"]}}],"collection":[{"href":"https:\/\/www.oparanews.com.br\/index.php\/wp-json\/wp\/v2\/posts"}],"about":[{"href":"https:\/\/www.oparanews.com.br\/index.php\/wp-json\/wp\/v2\/types\/post"}],"author":[{"embeddable":true,"href":"https:\/\/www.oparanews.com.br\/index.php\/wp-json\/wp\/v2\/users\/1"}],"replies":[{"embeddable":true,"href":"https:\/\/www.oparanews.com.br\/index.php\/wp-json\/wp\/v2\/comments?post=10999"}],"version-history":[{"count":0,"href":"https:\/\/www.oparanews.com.br\/index.php\/wp-json\/wp\/v2\/posts\/10999\/revisions"}],"wp:attachment":[{"href":"https:\/\/www.oparanews.com.br\/index.php\/wp-json\/wp\/v2\/media?parent=10999"}],"wp:term":[{"taxonomy":"category","embeddable":true,"href":"https:\/\/www.oparanews.com.br\/index.php\/wp-json\/wp\/v2\/categories?post=10999"},{"taxonomy":"post_tag","embeddable":true,"href":"https:\/\/www.oparanews.com.br\/index.php\/wp-json\/wp\/v2\/tags?post=10999"}],"curies":[{"name":"wp","href":"https:\/\/api.w.org\/{rel}","templated":true}]}}