{"id":11007,"date":"2020-11-27T20:20:40","date_gmt":"2020-11-27T20:20:40","guid":{"rendered":"https:\/\/oparanews.com.br\/?p=11007"},"modified":"2020-11-27T20:20:40","modified_gmt":"2020-11-27T20:20:40","slug":"marcius-beltrao-podera-ser-secretario-estadual-de-educacao","status":"publish","type":"post","link":"https:\/\/www.oparanews.com.br\/index.php\/2020\/11\/27\/marcius-beltrao-podera-ser-secretario-estadual-de-educacao\/","title":{"rendered":"Marcius Beltr\u00e3o poder\u00e1 ser secret\u00e1rio estadual de Educa\u00e7\u00e3o"},"content":{"rendered":"<p>As urnas empurram a realiza\u00e7\u00e3o de reformas administrativas bem mais do que as boas rela\u00e7\u00f5es entre os poderosos.<\/p>\n<p>Sempre foi assim.<\/p>\n<p>E vem a\u00ed mais uma reforma no secretariado de Renan Filho, considerando o tamanho com o qual ele sai das urnas e as decis\u00f5es do eleitorado em benef\u00edcio de alguns pr\u00f3ximos.<\/p>\n<p>Assim, n\u00e3o se surpreenda \u2013 at\u00e9 porque no Pal\u00e1cio j\u00e1 se trata do tema sem muitos freios \u2013 se o ainda prefeito Marcius Beltr\u00e3o e a deputada F\u00e1tima Canuto forem anunciados como secret\u00e1rios de Renan Filho, a partir do pr\u00f3ximo ano.<\/p>\n<p>O Beltr\u00e3o mencionado colecionou v\u00e1rias vit\u00f3rias nas elei\u00e7\u00f5es municipais: fez seu sucessor em Penedo; ajudou a eleger o irm\u00e3o, Marcelo Beltr\u00e3o, em Coruripe; a cunhada como vice-prefeita em Jequi\u00e1 da Praia; e a reeleger a madrasta, Rosiana Beltr\u00e3o, em Feliz Deserto.<\/p>\n<p>O novo \u201cl\u00edder do Litoral Sul\u201d pode ficar com a Secretaria de Educa\u00e7\u00e3o, que j\u00e1 foi do vice-governador Luciano Barbosa, futuro prefeito de Arapiraca.<\/p>\n<p>F\u00e1tima Canuto, m\u00e3e do prefeito reeleito do Pilar, Renato Filho, e sogra da futura prefeita de Atalaia, Cec\u00edlia Rocha, ter\u00e1 estatura pol\u00edtica para escolher uma pasta mais adequada para ela do que a de Ci\u00eancia e Tecnologia, temas t\u00e3o pouco valorizados pelo governo e pelo governador (que s\u00f3 pensa naquilo: elei\u00e7\u00e3o de 2022).<\/p>\n<p>&nbsp;<\/p>\n<p><strong>Por Blog Ricardo Mota &#8211; TNH1<\/strong><\/p>\n<p>&nbsp;<\/p>\n","protected":false},"excerpt":{"rendered":"<p>As urnas empurram a realiza\u00e7\u00e3o de reformas administrativas bem mais do que as boas rela\u00e7\u00f5es entre os poderosos. Sempre foi assim. E vem a\u00ed mais uma reforma no secretariado de Renan Filho, considerando o tamanho com o qual ele sai das urnas e as decis\u00f5es do eleitorado em benef\u00edcio de alguns pr\u00f3ximos. Assim, n\u00e3o se &hellip;<\/p>\n","protected":false},"author":1,"featured_media":11008,"comment_status":"open","ping_status":"open","sticky":false,"template":"","format":"standard","meta":{"_jetpack_newsletter_access":"","_jetpack_dont_email_post_to_subs":false,"_jetpack_newsletter_tier_id":0,"_jetpack_memberships_contains_paywalled_content":false,"_jetpack_memberships_contains_paid_content":false,"footnotes":""},"categories":[1],"tags":[],"class_list":["post-11007","post","type-post","status-publish","format-standard","has-post-thumbnail","hentry","category-destaque"],"jetpack_sharing_enabled":true,"jetpack_featured_media_url":"","_links":{"self":[{"href":"https:\/\/www.oparanews.com.br\/index.php\/wp-json\/wp\/v2\/posts\/11007","targetHints":{"allow":["GET"]}}],"collection":[{"href":"https:\/\/www.oparanews.com.br\/index.php\/wp-json\/wp\/v2\/posts"}],"about":[{"href":"https:\/\/www.oparanews.com.br\/index.php\/wp-json\/wp\/v2\/types\/post"}],"author":[{"embeddable":true,"href":"https:\/\/www.oparanews.com.br\/index.php\/wp-json\/wp\/v2\/users\/1"}],"replies":[{"embeddable":true,"href":"https:\/\/www.oparanews.com.br\/index.php\/wp-json\/wp\/v2\/comments?post=11007"}],"version-history":[{"count":0,"href":"https:\/\/www.oparanews.com.br\/index.php\/wp-json\/wp\/v2\/posts\/11007\/revisions"}],"wp:attachment":[{"href":"https:\/\/www.oparanews.com.br\/index.php\/wp-json\/wp\/v2\/media?parent=11007"}],"wp:term":[{"taxonomy":"category","embeddable":true,"href":"https:\/\/www.oparanews.com.br\/index.php\/wp-json\/wp\/v2\/categories?post=11007"},{"taxonomy":"post_tag","embeddable":true,"href":"https:\/\/www.oparanews.com.br\/index.php\/wp-json\/wp\/v2\/tags?post=11007"}],"curies":[{"name":"wp","href":"https:\/\/api.w.org\/{rel}","templated":true}]}}