{"id":11010,"date":"2020-11-28T19:28:50","date_gmt":"2020-11-28T19:28:50","guid":{"rendered":"https:\/\/oparanews.com.br\/?p=11010"},"modified":"2020-11-28T19:28:50","modified_gmt":"2020-11-28T19:28:50","slug":"estado-desmonta-leitos-de-covid-19-mas-nao-descarta-reativacao-em-caso-de-alta-na-demanda","status":"publish","type":"post","link":"https:\/\/www.oparanews.com.br\/index.php\/2020\/11\/28\/estado-desmonta-leitos-de-covid-19-mas-nao-descarta-reativacao-em-caso-de-alta-na-demanda\/","title":{"rendered":"Estado desmonta leitos de Covid-19, mas n\u00e3o descarta reativa\u00e7\u00e3o em caso de alta na demanda"},"content":{"rendered":"<p>O Estado de Alagoas desmontou leitos exclusivos para Covid-19 recentemente. A constata\u00e7\u00e3o foi apresentada nos relat\u00f3rios mais recentes do Observat\u00f3rio Alagoano de Pol\u00edticas P\u00fablicas para o Enfrentamento da Covid-19, da Universidade Federal de Alagoas (Ufal), e da Funda\u00e7\u00e3o Oswaldo Cruz (Fiocruz).<\/p>\n<p>Outros estados j\u00e1 est\u00e3o passando por retorno da alta demanda por leitos de Covid-19. No Rio de Janeiro, a ocupa\u00e7\u00e3o de leitos de UTI para pacientes com Covid-19 atingiu 94% na rede SUS e mais de 90% nos hospitais privados na sexta-feira.<\/p>\n<p>A reportagem do G1 questionou a Secretaria de Estado da Sa\u00fade (Sesau) sobre o motivo de desativar leitos de UTI de Covid-19 quando outros estados j\u00e1 registram mais de 80% de ocupa\u00e7\u00e3o. A Sesau confirmou a desativa\u00e7\u00e3o de leitos e explicou que, no momento em que os leitos foram desmontados, o estado estava em estabilidade tanto no n\u00famero de casos quanto no de mortes por Covid-19, portanto, ainda n\u00e3o apresentava a alta recente de casos.<\/p>\n<p>A Secretaria disse tamb\u00e9m, que em caso de necessidade, vai reativar os leitos exclusivos para pacientes com suspeita ou infec\u00e7\u00e3o pelo novo coronav\u00edrus, e ressaltou que a situa\u00e7\u00e3o de leitos desativados n\u00e3o \u00e9 definitiva e segue o comportamento da pandemia.<\/p>\n<p>Os pesquisadores da Ufal mostraram que &#8220;mais algumas unidades foram desmobilizadas ao longo da 47\u00aa SE [Semana Epidemiol\u00f3gica], causando a redu\u00e7\u00e3o de 38 leitos com respiradores (20 de UTI e 18 de UTI intermedi\u00e1ria)&#8221;. Eles falaram em mais leitos desativos, porque j\u00e1 houve desmobiliza\u00e7\u00e3o de leitos para Covid-19 antes, como quando o Hospital de Campanha Dr. Celso Tavares, em Macei\u00f3, foi desmontado em setembro.<\/p>\n<p>No relat\u00f3rio, os pesquisadores constataram que ao mesmo tempo em que houve desativa\u00e7\u00e3o de leitos de Covid-19, foi registrado um leve aumento na demanda por esses leitos na \u00faltima semana.<\/p>\n<p>&#8220;Neste contexto, foi observado um pequeno aumento na ocupa\u00e7\u00e3o desses leitos, que atingiu uma taxa de 42% para UTI e 9% para UTI intermedi\u00e1ria, que resulta em uma ocupa\u00e7\u00e3o de 36% quando considerados todos os leitos com respiradores dispon\u00edveis para tratamento de v\u00edtimas da Covid-19 na rede p\u00fablica alagoana&#8221;, diz um trecho do estudo.<\/p>\n<p>O Boletim Observat\u00f3rio Fiocruz Covid-19 mostrou que &#8220;quanto ao n\u00famero de leitos de UTI para Covid-19, segundo dados do Cadastro Nacional de Estabelecimentos de Sa\u00fade (CNES), entre os dias 9 e 23 de novembro foi registrada uma pequena redu\u00e7\u00e3o de leitos de UTI Covid-19 para adultos em Alagoas&#8221;.<\/p>\n<p>O relat\u00f3rio aponta tamb\u00e9m &#8220;crescimento de n\u00famero de casos em um processo de revers\u00e3o do observado em semanas anteriores&#8221;.<\/p>\n<p>O boletim mais recente de ocupa\u00e7\u00e3o de leitos, divulgado na tarde dessa sexta, mostrou que a taxa geral de leitos exclusivos para Covid-19 estava em 35%. Considerando apenas os leitos de UTI, o percentual era de 42%.<\/p>\n<p><strong>Aumento de casos<\/strong><\/p>\n<p>At\u00e9 as 20h dessa sexta (27), a m\u00e9dia m\u00f3vel de mortes por Covid-19 em Alagoas estava em queda. Uma varia\u00e7\u00e3o de &#8211; 20% na compara\u00e7\u00e3o com a m\u00e9dia de 14 dias atr\u00e1s. Apesar de redu\u00e7\u00e3o no n\u00famero de \u00f3bitos, o estado vem apresentando tend\u00eancia de alta no n\u00famero de casos.<\/p>\n<p>O n\u00famero di\u00e1rio de novos casos nessa sexta foi o dobro do que foi registrado na quinta (26). No boletim mais recente, o Observat\u00f3rio Alagoano de Pol\u00edticas P\u00fablicas para o Enfrentamento da Covid-19, da Universidade Federal de Alagoas (Ufal), alertou para o aumento de casos em Macei\u00f3 e em Arapiraca.<\/p>\n<p>&nbsp;<\/p>\n<p><strong>Fonte: G1\/AL<\/strong><\/p>\n<p>&nbsp;<\/p>\n","protected":false},"excerpt":{"rendered":"<p>O Estado de Alagoas desmontou leitos exclusivos para Covid-19 recentemente. A constata\u00e7\u00e3o foi apresentada nos relat\u00f3rios mais recentes do Observat\u00f3rio Alagoano de Pol\u00edticas P\u00fablicas para o Enfrentamento da Covid-19, da Universidade Federal de Alagoas (Ufal), e da Funda\u00e7\u00e3o Oswaldo Cruz (Fiocruz). Outros estados j\u00e1 est\u00e3o passando por retorno da alta demanda por leitos de Covid-19. &hellip;<\/p>\n","protected":false},"author":1,"featured_media":11011,"comment_status":"open","ping_status":"open","sticky":false,"template":"","format":"standard","meta":{"_jetpack_newsletter_access":"","_jetpack_dont_email_post_to_subs":false,"_jetpack_newsletter_tier_id":0,"_jetpack_memberships_contains_paywalled_content":false,"_jetpack_memberships_contains_paid_content":false,"footnotes":""},"categories":[1],"tags":[],"class_list":["post-11010","post","type-post","status-publish","format-standard","has-post-thumbnail","hentry","category-destaque"],"jetpack_sharing_enabled":true,"jetpack_featured_media_url":"","_links":{"self":[{"href":"https:\/\/www.oparanews.com.br\/index.php\/wp-json\/wp\/v2\/posts\/11010","targetHints":{"allow":["GET"]}}],"collection":[{"href":"https:\/\/www.oparanews.com.br\/index.php\/wp-json\/wp\/v2\/posts"}],"about":[{"href":"https:\/\/www.oparanews.com.br\/index.php\/wp-json\/wp\/v2\/types\/post"}],"author":[{"embeddable":true,"href":"https:\/\/www.oparanews.com.br\/index.php\/wp-json\/wp\/v2\/users\/1"}],"replies":[{"embeddable":true,"href":"https:\/\/www.oparanews.com.br\/index.php\/wp-json\/wp\/v2\/comments?post=11010"}],"version-history":[{"count":0,"href":"https:\/\/www.oparanews.com.br\/index.php\/wp-json\/wp\/v2\/posts\/11010\/revisions"}],"wp:attachment":[{"href":"https:\/\/www.oparanews.com.br\/index.php\/wp-json\/wp\/v2\/media?parent=11010"}],"wp:term":[{"taxonomy":"category","embeddable":true,"href":"https:\/\/www.oparanews.com.br\/index.php\/wp-json\/wp\/v2\/categories?post=11010"},{"taxonomy":"post_tag","embeddable":true,"href":"https:\/\/www.oparanews.com.br\/index.php\/wp-json\/wp\/v2\/tags?post=11010"}],"curies":[{"name":"wp","href":"https:\/\/api.w.org\/{rel}","templated":true}]}}