{"id":11013,"date":"2020-11-28T19:33:34","date_gmt":"2020-11-28T19:33:34","guid":{"rendered":"https:\/\/oparanews.com.br\/?p=11013"},"modified":"2020-11-28T19:33:34","modified_gmt":"2020-11-28T19:33:34","slug":"apos-testar-positivo-boulos-apresenta-sintomas-da-covid-19","status":"publish","type":"post","link":"https:\/\/www.oparanews.com.br\/index.php\/2020\/11\/28\/apos-testar-positivo-boulos-apresenta-sintomas-da-covid-19\/","title":{"rendered":"Ap\u00f3s testar positivo, Boulos apresenta sintomas da covid-19"},"content":{"rendered":"<p>Um dia depois de ser diagnosticado com covid-19 e entrar em isolamento o candidato do Psol \u00e0 Prefeitura de S\u00e3o Paulo, Guilherme Boulos, apresentou os primeiros sintomas da doen\u00e7a. Ao longo de todo dia o candidato tem sido alvo de cr\u00edticas nas redes sociais por ter mantido agendas presenciais mesmo depois de saber que a deputada S\u00e2mia Bonfim, com quem esteve na sexta-feira passada, havia sido contaminada.<\/p>\n<p>Em transmiss\u00e3o ao vivo feito por suas redes sociais no in\u00edcio da tarde de s\u00e1bado, Boulos relatou os primeiros sintomas da doen\u00e7a. &#8220;At\u00e9 ontem eu estava assintom\u00e1tico e hoje de manh\u00e3 tive alguns sintomas leves, um pouquinho de febre, dificuldade respirat\u00f3ria, dor no corpo&#8221;, disse o candidato.<\/p>\n<p>Ele anunciou tamb\u00e9m que receberia uma visita m\u00e9dica &#8220;para ver se precisa de mais alguma precau\u00e7\u00e3o al\u00e9m do isolamento&#8221; e divulgaria nas redes o resultado do exame.<\/p>\n<p>Neste s\u00e1bado dois t\u00f3picos ligados \u00e0 doen\u00e7a de Boulos ficaram entre os mais comentados no Twitter. O primeiro \u00e9 #irresponsavel e vincula postagens cr\u00edticas ao comportamento do candidato que manteve diversas agendas presenciais, algumas sem distanciamento social, mesmo depois de saber que S\u00e2mia havia sido diagnosticada com o novo coronav\u00edrus.<\/p>\n<p>O segundo t\u00f3pico \u00e9 #boulosgenocida pelo qual defensores de Jair Bolsonaro aproveitam o termo usado pela oposi\u00e7\u00e3o para se referir \u00e0 atua\u00e7\u00e3o do presidente durante a pandemia para igualar o comportamento dos dois e atacar o candidato do Psol.<\/p>\n<p>Nesta quinta-feira, o coordenador da campanha de Boulos, Josu\u00e9 Rocha, que \u00e9 m\u00e9dico, disse que as precau\u00e7\u00f5es foram al\u00e9m do protocolo do Minist\u00e9rio da Sa\u00fade que prev\u00ea isolamento s\u00f3 em caso de contato frequente residencial e realiza\u00e7\u00e3o de exame apenas para quem apresenta sintomas da doen\u00e7a.<\/p>\n<p>Neste s\u00e1bado, em nota, a campanha do candidato criticou o que considera uso pol\u00edtico do fato de o Boulos ter contra\u00eddo a covid-19. &#8220;\u00c9 lament\u00e1vel que nossos advers\u00e1rios se aproveitem do estado de sa\u00fade de Guilherme Boulos para atac\u00e1-lo nas redes sociais.&#8221;<\/p>\n<p>Na transmiss\u00e3o ao vivo, Boulos tentou manter o &#8220;sentimento de alegria&#8221; que marcou a propaganda da campanha. Enquanto apoiadores participam de uma s\u00e9rie de carreatas pela cidade, o candidato disse que &#8220;me angustia n\u00e3o poder estar na rua neste momento&#8221; e aconselha: &#8220;se cuidem mais do que nunca, se protejam&#8221;.<\/p>\n<p>Apesar das cr\u00edticas recebidas nas redes, Boulos aproveitou o tema para voltar a criticar a postura do advers\u00e1rio, o prefeito Bruno Covas (PSDB), e o do governador, Jo\u00e3o Doria (PSDB), neste momento da pandemia.<\/p>\n<p>&#8220;Essa \u00e9 uma das diferen\u00e7as que temos com nossos advers\u00e1rios que em um momento t\u00e3o grave, com ind\u00edcios de uma onda na cidade de S\u00e3o Paulo, preferem se omitir&#8221;, disse o candidato.<\/p>\n<p>&nbsp;<\/p>\n<p><strong>Fonte: Terra<\/strong><\/p>\n<p>&nbsp;<\/p>\n","protected":false},"excerpt":{"rendered":"<p>Um dia depois de ser diagnosticado com covid-19 e entrar em isolamento o candidato do Psol \u00e0 Prefeitura de S\u00e3o Paulo, Guilherme Boulos, apresentou os primeiros sintomas da doen\u00e7a. Ao longo de todo dia o candidato tem sido alvo de cr\u00edticas nas redes sociais por ter mantido agendas presenciais mesmo depois de saber que a &hellip;<\/p>\n","protected":false},"author":1,"featured_media":11014,"comment_status":"open","ping_status":"open","sticky":false,"template":"","format":"standard","meta":{"_jetpack_newsletter_access":"","_jetpack_dont_email_post_to_subs":false,"_jetpack_newsletter_tier_id":0,"_jetpack_memberships_contains_paywalled_content":false,"_jetpack_memberships_contains_paid_content":false,"footnotes":""},"categories":[1],"tags":[],"class_list":["post-11013","post","type-post","status-publish","format-standard","has-post-thumbnail","hentry","category-destaque"],"jetpack_sharing_enabled":true,"jetpack_featured_media_url":"","_links":{"self":[{"href":"https:\/\/www.oparanews.com.br\/index.php\/wp-json\/wp\/v2\/posts\/11013","targetHints":{"allow":["GET"]}}],"collection":[{"href":"https:\/\/www.oparanews.com.br\/index.php\/wp-json\/wp\/v2\/posts"}],"about":[{"href":"https:\/\/www.oparanews.com.br\/index.php\/wp-json\/wp\/v2\/types\/post"}],"author":[{"embeddable":true,"href":"https:\/\/www.oparanews.com.br\/index.php\/wp-json\/wp\/v2\/users\/1"}],"replies":[{"embeddable":true,"href":"https:\/\/www.oparanews.com.br\/index.php\/wp-json\/wp\/v2\/comments?post=11013"}],"version-history":[{"count":0,"href":"https:\/\/www.oparanews.com.br\/index.php\/wp-json\/wp\/v2\/posts\/11013\/revisions"}],"wp:attachment":[{"href":"https:\/\/www.oparanews.com.br\/index.php\/wp-json\/wp\/v2\/media?parent=11013"}],"wp:term":[{"taxonomy":"category","embeddable":true,"href":"https:\/\/www.oparanews.com.br\/index.php\/wp-json\/wp\/v2\/categories?post=11013"},{"taxonomy":"post_tag","embeddable":true,"href":"https:\/\/www.oparanews.com.br\/index.php\/wp-json\/wp\/v2\/tags?post=11013"}],"curies":[{"name":"wp","href":"https:\/\/api.w.org\/{rel}","templated":true}]}}