{"id":11016,"date":"2020-11-28T19:37:11","date_gmt":"2020-11-28T19:37:11","guid":{"rendered":"https:\/\/oparanews.com.br\/?p=11016"},"modified":"2020-11-28T19:37:11","modified_gmt":"2020-11-28T19:37:11","slug":"ator-eduardo-galvao-esta-na-uti-com-covid-19","status":"publish","type":"post","link":"https:\/\/www.oparanews.com.br\/index.php\/2020\/11\/28\/ator-eduardo-galvao-esta-na-uti-com-covid-19\/","title":{"rendered":"Ator Eduardo Galv\u00e3o est\u00e1 na UTI com Covid-19"},"content":{"rendered":"<p>O ator Eduardo Galv\u00e3o, de 58 anos, est\u00e1 internado na UTI do Hospital Unimed Rio, na Barra da Tijuca, com Covid-19. A informa\u00e7\u00e3o foi confirmada nesta sexta-feira (27) pelo tamb\u00e9m ator Stepan Nercessian, amigo de Galv\u00e3o, \u00e0 Quem.<\/p>\n<p>\u201cEle pegou o v\u00edrus h\u00e1 uma semana. Ontem se sentiu mal e foi para o hospital. Durante a pandemia, ele veio aqui em casa duas vezes e eu at\u00e9 briguei com ele, falei: \u2018Galv\u00e3o, toma cuidado!\u2019 Tenho falado com ele cinco, seis vezes por dia\u201d, diz Stepan.<\/p>\n<p>Segundo Stepan, Galv\u00e3o mora sozinho e ele tem ajudado o amigo \u00e0 dist\u00e2ncia desde que soube que ele estava infectado pelo coronav\u00edrus.<\/p>\n<p>\u201cOntem mesmo arrumei uma mo\u00e7a que faz sopa para preparar umas comidas para ele. Liguei para ele para falar sobre isso e ele me disse que sentiu dificuldade de respirar e foi para o hospital. A\u00ed falei: \u2018voc\u00ea est\u00e1 certo! Tem que ficar a\u00ed mesmo\u2019. Ontem foi a \u00faltima vez que falei com ele. Hoje ainda n\u00e3o tive not\u00edcia. Ent\u00e3o, estou agoniado\u201d, disse Stepan.<\/p>\n<p>&nbsp;<\/p>\n<p><strong>Fonte: Isto\u00e9 GENTE<\/strong><\/p>\n<p>&nbsp;<\/p>\n","protected":false},"excerpt":{"rendered":"<p>O ator Eduardo Galv\u00e3o, de 58 anos, est\u00e1 internado na UTI do Hospital Unimed Rio, na Barra da Tijuca, com Covid-19. A informa\u00e7\u00e3o foi confirmada nesta sexta-feira (27) pelo tamb\u00e9m ator Stepan Nercessian, amigo de Galv\u00e3o, \u00e0 Quem. \u201cEle pegou o v\u00edrus h\u00e1 uma semana. Ontem se sentiu mal e foi para o hospital. Durante &hellip;<\/p>\n","protected":false},"author":1,"featured_media":11017,"comment_status":"open","ping_status":"open","sticky":false,"template":"","format":"standard","meta":{"_jetpack_newsletter_access":"","_jetpack_dont_email_post_to_subs":false,"_jetpack_newsletter_tier_id":0,"_jetpack_memberships_contains_paywalled_content":false,"_jetpack_memberships_contains_paid_content":false,"footnotes":""},"categories":[1],"tags":[],"class_list":["post-11016","post","type-post","status-publish","format-standard","has-post-thumbnail","hentry","category-destaque"],"jetpack_sharing_enabled":true,"jetpack_featured_media_url":"","_links":{"self":[{"href":"https:\/\/www.oparanews.com.br\/index.php\/wp-json\/wp\/v2\/posts\/11016","targetHints":{"allow":["GET"]}}],"collection":[{"href":"https:\/\/www.oparanews.com.br\/index.php\/wp-json\/wp\/v2\/posts"}],"about":[{"href":"https:\/\/www.oparanews.com.br\/index.php\/wp-json\/wp\/v2\/types\/post"}],"author":[{"embeddable":true,"href":"https:\/\/www.oparanews.com.br\/index.php\/wp-json\/wp\/v2\/users\/1"}],"replies":[{"embeddable":true,"href":"https:\/\/www.oparanews.com.br\/index.php\/wp-json\/wp\/v2\/comments?post=11016"}],"version-history":[{"count":0,"href":"https:\/\/www.oparanews.com.br\/index.php\/wp-json\/wp\/v2\/posts\/11016\/revisions"}],"wp:attachment":[{"href":"https:\/\/www.oparanews.com.br\/index.php\/wp-json\/wp\/v2\/media?parent=11016"}],"wp:term":[{"taxonomy":"category","embeddable":true,"href":"https:\/\/www.oparanews.com.br\/index.php\/wp-json\/wp\/v2\/categories?post=11016"},{"taxonomy":"post_tag","embeddable":true,"href":"https:\/\/www.oparanews.com.br\/index.php\/wp-json\/wp\/v2\/tags?post=11016"}],"curies":[{"name":"wp","href":"https:\/\/api.w.org\/{rel}","templated":true}]}}