{"id":11019,"date":"2020-11-28T19:42:18","date_gmt":"2020-11-28T19:42:18","guid":{"rendered":"https:\/\/oparanews.com.br\/?p=11019"},"modified":"2020-11-28T19:42:18","modified_gmt":"2020-11-28T19:42:18","slug":"policia-federal-prende-suspeito-de-invasao-do-sistema-do-tse","status":"publish","type":"post","link":"https:\/\/www.oparanews.com.br\/index.php\/2020\/11\/28\/policia-federal-prende-suspeito-de-invasao-do-sistema-do-tse\/","title":{"rendered":"Pol\u00edcia Federal prende suspeito de invas\u00e3o do sistema do TSE"},"content":{"rendered":"<p>A Pol\u00edcia Federal deflagrou, na manh\u00e3 deste s\u00e1bado, 28, a Opera\u00e7\u00e3o Exploit para desarticular a associa\u00e7\u00e3o criminosa que teria promovido os ataques hackers ao TSE no primeiro turno das elei\u00e7\u00f5es de 2020, com o acesso e divulga\u00e7\u00e3o ilegal de informa\u00e7\u00f5es de servidores p\u00fablicos do TSE.<\/p>\n<p>Est\u00e3o sendo cumpridos, no Brasil, tr\u00eas mandados de busca e apreens\u00e3o e tr\u00eas medidas cautelares de proibi\u00e7\u00e3o de contato entre investigados em S\u00e3o Paulo e Minas Gerais. As ordens foram expedidas pela 1\u00aa Zona Eleitoral do Distrito Federal, ap\u00f3s representa\u00e7\u00e3o efetuada pela Pol\u00edcia Federal e manifesta\u00e7\u00e3o favor\u00e1vel da 1\u00aa Promotoria de Justi\u00e7a Eleitoral.<\/p>\n<p>Agentes cumprem no Brasil tr\u00eas mandados de busca e apreens\u00e3o e tr\u00eas medidas cautelares de proibi\u00e7\u00e3o de contato entre investigados em S\u00e3o Paulo e Minas Gerais; em Portugal, s\u00e3o cumpridos um mandado de pris\u00e3o e um mandado de busca e apreens\u00e3o<\/p>\n<p>O inqu\u00e9rito policial aponta que um grupo de hackers brasileiros e portugueses, liderados por um cidad\u00e3o portugu\u00eas, foi respons\u00e1vel pelos ataques criminosos aos sistemas do Tribunal Superior Eleitoral &#8211; TSE quando do primeiro turno das Elei\u00e7\u00f5es de 2020.<\/p>\n<p>&nbsp;<\/p>\n<p><strong>Fonte: Terra<\/strong><\/p>\n<p>&nbsp;<\/p>\n","protected":false},"excerpt":{"rendered":"<p>A Pol\u00edcia Federal deflagrou, na manh\u00e3 deste s\u00e1bado, 28, a Opera\u00e7\u00e3o Exploit para desarticular a associa\u00e7\u00e3o criminosa que teria promovido os ataques hackers ao TSE no primeiro turno das elei\u00e7\u00f5es de 2020, com o acesso e divulga\u00e7\u00e3o ilegal de informa\u00e7\u00f5es de servidores p\u00fablicos do TSE. Est\u00e3o sendo cumpridos, no Brasil, tr\u00eas mandados de busca e &hellip;<\/p>\n","protected":false},"author":1,"featured_media":11020,"comment_status":"open","ping_status":"open","sticky":false,"template":"","format":"standard","meta":{"_jetpack_newsletter_access":"","_jetpack_dont_email_post_to_subs":false,"_jetpack_newsletter_tier_id":0,"_jetpack_memberships_contains_paywalled_content":false,"_jetpack_memberships_contains_paid_content":false,"footnotes":""},"categories":[1],"tags":[],"class_list":["post-11019","post","type-post","status-publish","format-standard","has-post-thumbnail","hentry","category-destaque"],"jetpack_sharing_enabled":true,"jetpack_featured_media_url":"","_links":{"self":[{"href":"https:\/\/www.oparanews.com.br\/index.php\/wp-json\/wp\/v2\/posts\/11019","targetHints":{"allow":["GET"]}}],"collection":[{"href":"https:\/\/www.oparanews.com.br\/index.php\/wp-json\/wp\/v2\/posts"}],"about":[{"href":"https:\/\/www.oparanews.com.br\/index.php\/wp-json\/wp\/v2\/types\/post"}],"author":[{"embeddable":true,"href":"https:\/\/www.oparanews.com.br\/index.php\/wp-json\/wp\/v2\/users\/1"}],"replies":[{"embeddable":true,"href":"https:\/\/www.oparanews.com.br\/index.php\/wp-json\/wp\/v2\/comments?post=11019"}],"version-history":[{"count":0,"href":"https:\/\/www.oparanews.com.br\/index.php\/wp-json\/wp\/v2\/posts\/11019\/revisions"}],"wp:attachment":[{"href":"https:\/\/www.oparanews.com.br\/index.php\/wp-json\/wp\/v2\/media?parent=11019"}],"wp:term":[{"taxonomy":"category","embeddable":true,"href":"https:\/\/www.oparanews.com.br\/index.php\/wp-json\/wp\/v2\/categories?post=11019"},{"taxonomy":"post_tag","embeddable":true,"href":"https:\/\/www.oparanews.com.br\/index.php\/wp-json\/wp\/v2\/tags?post=11019"}],"curies":[{"name":"wp","href":"https:\/\/api.w.org\/{rel}","templated":true}]}}