{"id":11025,"date":"2020-11-28T19:52:35","date_gmt":"2020-11-28T19:52:35","guid":{"rendered":"https:\/\/oparanews.com.br\/?p=11025"},"modified":"2020-11-28T19:52:35","modified_gmt":"2020-11-28T19:52:35","slug":"gabigol-e-diego-viram-duvidas-no-fla-para-decisao-com-racing","status":"publish","type":"post","link":"https:\/\/www.oparanews.com.br\/index.php\/2020\/11\/28\/gabigol-e-diego-viram-duvidas-no-fla-para-decisao-com-racing\/","title":{"rendered":"Gabigol e Diego viram d\u00favidas no Fla para decis\u00e3o com Racing"},"content":{"rendered":"<p>O fim de semana ser\u00e1 de muito trabalho no Ninho do Urubu, com a prepara\u00e7\u00e3o do Flamengo para a decis\u00e3o contra o Racing (ARG), na ter\u00e7a, por uma vaga nas quartas de final da Libertadores. O s\u00e1bado, contudo, come\u00e7ou com m\u00e1s not\u00edcias em rela\u00e7\u00e3o a Gabriel Barbosa e Diego Ribas. Ambos realizaram exames e, com problemas musculares, s\u00e3o d\u00favidas para o confronto no Maracan\u00e3.<\/p>\n<p>Conforme divulgado pelo clube, o atacante Gabriel Barbosa &#8211; autor do gol do Flamengo no jogo de ida, na Argentina &#8211; apresentou um desequil\u00edbrio muscular, e, afim de &#8220;evitar qualquer les\u00e3o, seguir\u00e1 planejamento para voltar quando estiver 100%.&#8221; Sua presen\u00e7a diante do Racing, portanto, n\u00e3o \u00e9 descartada, mas depender\u00e1 da evolu\u00e7\u00e3o nos pr\u00f3ximos dias.<\/p>\n<p>J\u00e1 Diego Ribas sentiu dores musculares e os exames realizados constataram apenas fadiga muscular. O camisa 10 seguir\u00e1 realizando trabalho espec\u00edfico, e tamb\u00e9m n\u00e3o tem presen\u00e7a garantida na decis\u00e3o de ter\u00e7a.<\/p>\n<p>Ap\u00f3s o 1 a 1 em Buenos Aires, o time de Rog\u00e9rio Ceni teve a semana livre, sem jogos, para trabalhar visando o jogo de volta pela Copa. Al\u00e9m de Diego e Gabigol, Pedro e Rodrigo Caio tamb\u00e9m s\u00e3o d\u00favidas, enquanto Thiago Maia \u00e9 baixa certa.<\/p>\n<p>&nbsp;<\/p>\n<p><strong>Fonte: LANCE!<\/strong><\/p>\n<p>&nbsp;<\/p>\n","protected":false},"excerpt":{"rendered":"<p>O fim de semana ser\u00e1 de muito trabalho no Ninho do Urubu, com a prepara\u00e7\u00e3o do Flamengo para a decis\u00e3o contra o Racing (ARG), na ter\u00e7a, por uma vaga nas quartas de final da Libertadores. O s\u00e1bado, contudo, come\u00e7ou com m\u00e1s not\u00edcias em rela\u00e7\u00e3o a Gabriel Barbosa e Diego Ribas. Ambos realizaram exames e, com &hellip;<\/p>\n","protected":false},"author":1,"featured_media":0,"comment_status":"open","ping_status":"open","sticky":false,"template":"","format":"standard","meta":{"_jetpack_newsletter_access":"","_jetpack_dont_email_post_to_subs":false,"_jetpack_newsletter_tier_id":0,"_jetpack_memberships_contains_paywalled_content":false,"_jetpack_memberships_contains_paid_content":false,"footnotes":""},"categories":[1],"tags":[],"class_list":["post-11025","post","type-post","status-publish","format-standard","hentry","category-destaque"],"jetpack_sharing_enabled":true,"jetpack_featured_media_url":"","_links":{"self":[{"href":"https:\/\/www.oparanews.com.br\/index.php\/wp-json\/wp\/v2\/posts\/11025","targetHints":{"allow":["GET"]}}],"collection":[{"href":"https:\/\/www.oparanews.com.br\/index.php\/wp-json\/wp\/v2\/posts"}],"about":[{"href":"https:\/\/www.oparanews.com.br\/index.php\/wp-json\/wp\/v2\/types\/post"}],"author":[{"embeddable":true,"href":"https:\/\/www.oparanews.com.br\/index.php\/wp-json\/wp\/v2\/users\/1"}],"replies":[{"embeddable":true,"href":"https:\/\/www.oparanews.com.br\/index.php\/wp-json\/wp\/v2\/comments?post=11025"}],"version-history":[{"count":0,"href":"https:\/\/www.oparanews.com.br\/index.php\/wp-json\/wp\/v2\/posts\/11025\/revisions"}],"wp:attachment":[{"href":"https:\/\/www.oparanews.com.br\/index.php\/wp-json\/wp\/v2\/media?parent=11025"}],"wp:term":[{"taxonomy":"category","embeddable":true,"href":"https:\/\/www.oparanews.com.br\/index.php\/wp-json\/wp\/v2\/categories?post=11025"},{"taxonomy":"post_tag","embeddable":true,"href":"https:\/\/www.oparanews.com.br\/index.php\/wp-json\/wp\/v2\/tags?post=11025"}],"curies":[{"name":"wp","href":"https:\/\/api.w.org\/{rel}","templated":true}]}}