{"id":11027,"date":"2020-11-28T19:57:27","date_gmt":"2020-11-28T19:57:27","guid":{"rendered":"https:\/\/oparanews.com.br\/?p=11027"},"modified":"2020-11-28T19:57:27","modified_gmt":"2020-11-28T19:57:27","slug":"jovem-alega-ser-filho-de-maradona-e-pede-exumacao-do-corpo-para-dna","status":"publish","type":"post","link":"https:\/\/www.oparanews.com.br\/index.php\/2020\/11\/28\/jovem-alega-ser-filho-de-maradona-e-pede-exumacao-do-corpo-para-dna\/","title":{"rendered":"Jovem alega ser filho de Maradona e pede exuma\u00e7\u00e3o do corpo para DNA"},"content":{"rendered":"<p>O argentino Santiago Lara, de 18 anos, deu entrevista para o canal &#8216;Telemundo&#8217;, da Argentina, e afirmou que pediu a exuma\u00e7\u00e3o do corpo de Diego Maradona, que morreu no dia 25 deste m\u00eas. O jovem afirma que existe a possibilidade de ser filho do astro, que teve um relacionamento com a m\u00e3e dele, que morreu em 2006, e briga na justi\u00e7a pelo reconhecimento da paternidade desde 2014.<\/p>\n<p>&#8211; Eu apenas quero saber quem sou. A parte financeira n\u00e3o importa para mim. Sei que essa demanda vai causar pol\u00eamica na Argentina, mas se eu n\u00e3o fizer isso, quem vai me dar o DNA? &#8211; disse durante a entrevista.<\/p>\n<p>&#8211; Minha m\u00e3e morreu quando eu tinha tr\u00eas anos, mas dias antes da sua morte, quando ela precisava remover o respirador para falar, ela disse a um grupo de advogados que eu era filho de Diego &#8211; completou.<\/p>\n<p>O &#8216;Clar\u00edn&#8217;, baseado em um estudo de um portal especializado na economia de famosos, destacou ainda que a fortuna est\u00e1 distribu\u00edda no valor de fazendas, carros de luxo e muitas joias, como um brinco que usava durante os jogos do Gimnasia y Esgrima, time que dirigia, avaliado em 300 mil euros (R$ 1,9 milh\u00e3o).<\/p>\n<p>Maradona reconheceu cinco filhos: Dalma e Gianinna e Diego Fernando foram reconhecidos no nascimento. Depois, assumiu dois filhos adultos: Jana, em 1996, e Diego Sinagra, em 2016. Al\u00e9m de Santiago Lara, Magal\u00ed Gil e os cubanos Javielito, Johana e Harold tamb\u00e9m buscam reconhecimento na Justi\u00e7a.<\/p>\n<p>&nbsp;<\/p>\n<p><strong>Fonte: LANCE!<\/strong><\/p>\n<p>&nbsp;<\/p>\n","protected":false},"excerpt":{"rendered":"<p>O argentino Santiago Lara, de 18 anos, deu entrevista para o canal &#8216;Telemundo&#8217;, da Argentina, e afirmou que pediu a exuma\u00e7\u00e3o do corpo de Diego Maradona, que morreu no dia 25 deste m\u00eas. O jovem afirma que existe a possibilidade de ser filho do astro, que teve um relacionamento com a m\u00e3e dele, que morreu &hellip;<\/p>\n","protected":false},"author":1,"featured_media":11028,"comment_status":"open","ping_status":"open","sticky":false,"template":"","format":"standard","meta":{"_jetpack_newsletter_access":"","_jetpack_dont_email_post_to_subs":false,"_jetpack_newsletter_tier_id":0,"_jetpack_memberships_contains_paywalled_content":false,"_jetpack_memberships_contains_paid_content":false,"footnotes":""},"categories":[1],"tags":[],"class_list":["post-11027","post","type-post","status-publish","format-standard","has-post-thumbnail","hentry","category-destaque"],"jetpack_sharing_enabled":true,"jetpack_featured_media_url":"","_links":{"self":[{"href":"https:\/\/www.oparanews.com.br\/index.php\/wp-json\/wp\/v2\/posts\/11027","targetHints":{"allow":["GET"]}}],"collection":[{"href":"https:\/\/www.oparanews.com.br\/index.php\/wp-json\/wp\/v2\/posts"}],"about":[{"href":"https:\/\/www.oparanews.com.br\/index.php\/wp-json\/wp\/v2\/types\/post"}],"author":[{"embeddable":true,"href":"https:\/\/www.oparanews.com.br\/index.php\/wp-json\/wp\/v2\/users\/1"}],"replies":[{"embeddable":true,"href":"https:\/\/www.oparanews.com.br\/index.php\/wp-json\/wp\/v2\/comments?post=11027"}],"version-history":[{"count":0,"href":"https:\/\/www.oparanews.com.br\/index.php\/wp-json\/wp\/v2\/posts\/11027\/revisions"}],"wp:attachment":[{"href":"https:\/\/www.oparanews.com.br\/index.php\/wp-json\/wp\/v2\/media?parent=11027"}],"wp:term":[{"taxonomy":"category","embeddable":true,"href":"https:\/\/www.oparanews.com.br\/index.php\/wp-json\/wp\/v2\/categories?post=11027"},{"taxonomy":"post_tag","embeddable":true,"href":"https:\/\/www.oparanews.com.br\/index.php\/wp-json\/wp\/v2\/tags?post=11027"}],"curies":[{"name":"wp","href":"https:\/\/api.w.org\/{rel}","templated":true}]}}