{"id":11039,"date":"2020-11-29T22:00:59","date_gmt":"2020-11-29T22:00:59","guid":{"rendered":"https:\/\/oparanews.com.br\/?p=11039"},"modified":"2020-11-29T22:00:59","modified_gmt":"2020-11-29T22:00:59","slug":"vitor-belfort-provoca-anderson-silva-e-sugere-revanche","status":"publish","type":"post","link":"https:\/\/www.oparanews.com.br\/index.php\/2020\/11\/29\/vitor-belfort-provoca-anderson-silva-e-sugere-revanche\/","title":{"rendered":"Vitor Belfort provoca Anderson Silva e sugere revanche"},"content":{"rendered":"<p>Uma antiga rivalidade brasileira ganhou nova p\u00e1gina nesta sexta-feira. Em entrevista ao site &#8220;TMZSports&#8221;, Vitor Belfort, atleta do ONE Championship, provocou Anderson Silva, que recentemente rescindiu contrato com o UFC, de olho numa revanche da hist\u00f3rica luta entre os dois em fevereiro de 2011. O lutador carioca tamb\u00e9m convocou o americano Chael Sonnen, j\u00e1 aposentado, para o cage.<\/p>\n<p>O Anderson est\u00e1 vivendo daquele chute, ent\u00e3o vamos l\u00e1. Eu quero Chael Sonnen, quero muito calar a boca dele. N\u00f3s poder\u00edamos lutar uma vez, mas ele se viciou em esteroides. Estou bem com isso. Voc\u00ea pode usar o que quiser, Sonnen, eu vou te dar uma surra. A m\u00e3e do Chael vai torcer por mim, a fam\u00edlia dele gosta do Vitor Belfort. At\u00e9 mesmo a fam\u00edlia do Chael n\u00e3o gosta dele ? disse Belfort.<\/p>\n<p>Anderson e o UFC rescindiram neste m\u00eas o contrato de mais uma luta que ainda tinham. A companhia n\u00e3o desejava mais promover eventos com o astro, que indicou o desejo de continuar em atividade. O presidente do ONE, Chatri Sityodtong, entretanto, j\u00e1 afirmou que tamb\u00e9m n\u00e3o tem interesse em contar com &#8220;Spider&#8221; no seu quadro de atletas, fato que deve impedir a revanche hist\u00f3rica.<\/p>\n<p>Anderson e Sonnen n\u00e3o s\u00e3o os \u00fanicos alvos de Belfort, conforme informado tamb\u00e9m ao &#8220;TMZ&#8221;. O &#8220;Fen\u00f4meno&#8221; ainda quer competir em um desafio h\u00edbrido de boxe e MMA com pugilistas como Roy Jones Jr, Evander Holyfield, Lennox Lexis e Wladimir Klitschko.<\/p>\n<p>&nbsp;<\/p>\n<p><strong>Fonte: GE<\/strong><\/p>\n<p>&nbsp;<\/p>\n","protected":false},"excerpt":{"rendered":"<p>Uma antiga rivalidade brasileira ganhou nova p\u00e1gina nesta sexta-feira. Em entrevista ao site &#8220;TMZSports&#8221;, Vitor Belfort, atleta do ONE Championship, provocou Anderson Silva, que recentemente rescindiu contrato com o UFC, de olho numa revanche da hist\u00f3rica luta entre os dois em fevereiro de 2011. O lutador carioca tamb\u00e9m convocou o americano Chael Sonnen, j\u00e1 aposentado, &hellip;<\/p>\n","protected":false},"author":1,"featured_media":11040,"comment_status":"open","ping_status":"open","sticky":false,"template":"","format":"standard","meta":{"_jetpack_newsletter_access":"","_jetpack_dont_email_post_to_subs":false,"_jetpack_newsletter_tier_id":0,"_jetpack_memberships_contains_paywalled_content":false,"_jetpack_memberships_contains_paid_content":false,"footnotes":""},"categories":[1],"tags":[],"class_list":["post-11039","post","type-post","status-publish","format-standard","has-post-thumbnail","hentry","category-destaque"],"jetpack_sharing_enabled":true,"jetpack_featured_media_url":"","_links":{"self":[{"href":"https:\/\/www.oparanews.com.br\/index.php\/wp-json\/wp\/v2\/posts\/11039","targetHints":{"allow":["GET"]}}],"collection":[{"href":"https:\/\/www.oparanews.com.br\/index.php\/wp-json\/wp\/v2\/posts"}],"about":[{"href":"https:\/\/www.oparanews.com.br\/index.php\/wp-json\/wp\/v2\/types\/post"}],"author":[{"embeddable":true,"href":"https:\/\/www.oparanews.com.br\/index.php\/wp-json\/wp\/v2\/users\/1"}],"replies":[{"embeddable":true,"href":"https:\/\/www.oparanews.com.br\/index.php\/wp-json\/wp\/v2\/comments?post=11039"}],"version-history":[{"count":0,"href":"https:\/\/www.oparanews.com.br\/index.php\/wp-json\/wp\/v2\/posts\/11039\/revisions"}],"wp:attachment":[{"href":"https:\/\/www.oparanews.com.br\/index.php\/wp-json\/wp\/v2\/media?parent=11039"}],"wp:term":[{"taxonomy":"category","embeddable":true,"href":"https:\/\/www.oparanews.com.br\/index.php\/wp-json\/wp\/v2\/categories?post=11039"},{"taxonomy":"post_tag","embeddable":true,"href":"https:\/\/www.oparanews.com.br\/index.php\/wp-json\/wp\/v2\/tags?post=11039"}],"curies":[{"name":"wp","href":"https:\/\/api.w.org\/{rel}","templated":true}]}}