{"id":11042,"date":"2020-11-29T22:02:37","date_gmt":"2020-11-29T22:02:37","guid":{"rendered":"https:\/\/oparanews.com.br\/?p=11042"},"modified":"2020-11-29T22:02:37","modified_gmt":"2020-11-29T22:02:37","slug":"mais-246-casos-e-dois-obitos-por-covid-19-sao-registrados-em-alagoas","status":"publish","type":"post","link":"https:\/\/www.oparanews.com.br\/index.php\/2020\/11\/29\/mais-246-casos-e-dois-obitos-por-covid-19-sao-registrados-em-alagoas\/","title":{"rendered":"Mais 246 casos e dois \u00f3bitos por Covid-19 s\u00e3o registrados em Alagoas"},"content":{"rendered":"<p>O Boletim Epidemiol\u00f3gico da Secretaria de Estado da Sa\u00fade (Sesau), deste domingo (29), trouxe mais 246 novos casos e duas mortes por Covid-19. Oficialmente, Alagoas tem 94,8 mil casos confirmados do novo coronav\u00edrus e 1,1 mil pessoas em isolamento domiciliar.<\/p>\n<p>Mais de 91 mil pacientes j\u00e1 finalizaram o per\u00edodo de isolamento e a quantidade de casos em investiga\u00e7\u00e3o laboratorial ainda \u00e9 alta: 2.536, segundo a Sesau. Alagoas chegou a 2.336 \u00f3bitos por Covid-19.<\/p>\n<p>Os dois \u00faltimos pacientes que n\u00e3o resistiram viviam em Macei\u00f3 (homem de 43 anos, diab\u00e9tico, hipertenso, com doen\u00e7a de Parkinson e Alzheimer, que morreu no Hospital da Unimed) e no interior (homem, de 51 anos, morador de S\u00e3o Miguel dos Campos, tabagista e com doen\u00e7a respirat\u00f3ria cr\u00f4nica, que morreu na Santa Casa de S\u00e3o Miguel dos Campos).<\/p>\n<p>Segundo a Sesau, h\u00e1 casos de infectados nos 102 munic\u00edpios alagoanos e apenas S\u00e3o Br\u00e1s n\u00e3o registrou \u00f3bitos pelo coronav\u00edrus.<\/p>\n<p>Dos 2.328 \u00f3bitos de pessoas residentes em Alagoas, 1.307 eram do sexo masculino e 1.021 do sexo feminino. Eram 1.028 pessoas que residiam em Macei\u00f3 e as outras 1.300 moravam no interior do Estado, segundo o Centro de Informa\u00e7\u00f5es Estrat\u00e9gicas de Vigil\u00e2ncia em Sa\u00fade (Cievs), da Sesau.<\/p>\n<p>&nbsp;<\/p>\n<p><strong>Com Assessoria<\/strong><\/p>\n<p>&nbsp;<\/p>\n","protected":false},"excerpt":{"rendered":"<p>O Boletim Epidemiol\u00f3gico da Secretaria de Estado da Sa\u00fade (Sesau), deste domingo (29), trouxe mais 246 novos casos e duas mortes por Covid-19. Oficialmente, Alagoas tem 94,8 mil casos confirmados do novo coronav\u00edrus e 1,1 mil pessoas em isolamento domiciliar. Mais de 91 mil pacientes j\u00e1 finalizaram o per\u00edodo de isolamento e a quantidade de &hellip;<\/p>\n","protected":false},"author":1,"featured_media":7310,"comment_status":"open","ping_status":"open","sticky":false,"template":"","format":"standard","meta":{"_jetpack_newsletter_access":"","_jetpack_dont_email_post_to_subs":false,"_jetpack_newsletter_tier_id":0,"_jetpack_memberships_contains_paywalled_content":false,"_jetpack_memberships_contains_paid_content":false,"footnotes":""},"categories":[1],"tags":[],"class_list":["post-11042","post","type-post","status-publish","format-standard","has-post-thumbnail","hentry","category-destaque"],"jetpack_sharing_enabled":true,"jetpack_featured_media_url":"","_links":{"self":[{"href":"https:\/\/www.oparanews.com.br\/index.php\/wp-json\/wp\/v2\/posts\/11042","targetHints":{"allow":["GET"]}}],"collection":[{"href":"https:\/\/www.oparanews.com.br\/index.php\/wp-json\/wp\/v2\/posts"}],"about":[{"href":"https:\/\/www.oparanews.com.br\/index.php\/wp-json\/wp\/v2\/types\/post"}],"author":[{"embeddable":true,"href":"https:\/\/www.oparanews.com.br\/index.php\/wp-json\/wp\/v2\/users\/1"}],"replies":[{"embeddable":true,"href":"https:\/\/www.oparanews.com.br\/index.php\/wp-json\/wp\/v2\/comments?post=11042"}],"version-history":[{"count":0,"href":"https:\/\/www.oparanews.com.br\/index.php\/wp-json\/wp\/v2\/posts\/11042\/revisions"}],"wp:attachment":[{"href":"https:\/\/www.oparanews.com.br\/index.php\/wp-json\/wp\/v2\/media?parent=11042"}],"wp:term":[{"taxonomy":"category","embeddable":true,"href":"https:\/\/www.oparanews.com.br\/index.php\/wp-json\/wp\/v2\/categories?post=11042"},{"taxonomy":"post_tag","embeddable":true,"href":"https:\/\/www.oparanews.com.br\/index.php\/wp-json\/wp\/v2\/tags?post=11042"}],"curies":[{"name":"wp","href":"https:\/\/api.w.org\/{rel}","templated":true}]}}