{"id":11050,"date":"2020-11-30T14:16:18","date_gmt":"2020-11-30T14:16:18","guid":{"rendered":"https:\/\/oparanews.com.br\/?p=11050"},"modified":"2020-11-30T14:16:18","modified_gmt":"2020-11-30T14:16:18","slug":"penedo-registra-23o-obito-por-covid-19","status":"publish","type":"post","link":"https:\/\/www.oparanews.com.br\/index.php\/2020\/11\/30\/penedo-registra-23o-obito-por-covid-19\/","title":{"rendered":"Penedo registra 23\u00ba \u00f3bito por Covid-19"},"content":{"rendered":"<p>Um idoso obeso, hipertenso e portador da doen\u00e7a de Alzheimer \u00e9 a 23\u00aa v\u00edtima da pandemia do novo coronav\u00edrus em Penedo. O paciente residia no bairro Senhor do Bonfim (popular Oiteiro) e tinha 60 anos.<\/p>\n<p>O registro do \u00f3bito confirmado pela Secretaria de Estado da Sa\u00fade foi inclu\u00eddo no boletim epidemiol\u00f3gico local de sexta-feira, 27.<\/p>\n<p><a href=\"https:\/\/oparanews.com.br\/wp-content\/uploads\/2020\/11\/Sem-t\u00edtulo-164.jpg\"><img loading=\"lazy\" decoding=\"async\" class=\"alignleft size-medium wp-image-11052\" src=\"https:\/\/oparanews.com.br\/wp-content\/uploads\/2020\/11\/Sem-t\u00edtulo-164-273x300.jpg\" alt=\"\" width=\"273\" height=\"300\" \/><\/a><\/p>\n<p>Os dados mais recentes da Secretaria Municipal de Sa\u00fade (SEMS) informam ainda 1.487 casos descartados, 54 pessoas monitoradas, quatro suspeitas e 1.568 pessoas curadas entre os 1.625 diagn\u00f3sticos confirmados de Covid em Penedo.<\/p>\n<p>Em rela\u00e7\u00e3o \u00e0s localidades com maior incid\u00eancia de Covid-19 em Penedo, o bairro Dom Constantino tem o maior \u00edndice, sendo 497 registros at\u00e9 o \u00faltimo final de semana.<\/p>\n<p>O bairro Santa Luzia (Barro Duro) tem 273 ocorr\u00eancias, enquanto que o centro da cidade contabiliza 239 at\u00e9 sexta-feira, 27 de novembro. No bairro Raimundo Marinho foram notificados 155 casos de Covid e no Senhor do Bonfim 142.<\/p>\n<p>Ainda dentro da cidade, mas com incid\u00eancia de Covid-19 abaixo de cem casos est\u00e3o os bairros Santo Ant\u00f4nio (71), Santa Izabel (66) e Santa Cec\u00edlia (18).<\/p>\n<p>O registro de Covid-19 na zona rural de Penedo permanece est\u00e1vel, sendo o maior n\u00famero de casos confirmados nos dois n\u00facleos da Cooperativa, com 52 ocorr\u00eancias.<\/p>\n<p><a href=\"https:\/\/oparanews.com.br\/wp-content\/uploads\/2020\/11\/Sem-t\u00edtulo-165.jpg\"><img loading=\"lazy\" decoding=\"async\" class=\"alignleft size-medium wp-image-11053\" src=\"https:\/\/oparanews.com.br\/wp-content\/uploads\/2020\/11\/Sem-t\u00edtulo-165-273x300.jpg\" alt=\"\" width=\"273\" height=\"300\" \/><\/a><\/p>\n<p>A comunidade remanescente quilombola Tabuleiro dos Negros acumula 47 e o povoado Palmeira Alta re\u00fane 36. J\u00e1 o povoado Santa Margarida estabilizou em 19 casos; Capela continua com dez confirma\u00e7\u00f5es e a comunidade Ponta Mofina tem cinco ocorr\u00eancias.<\/p>\n<p>A Unidade de Refer\u00eancia em S\u00edndromes Gripais mantida pela Prefeitura de Penedo na antiga Escola do SENAI (Avenida Wanderley, pr\u00f3ximo da Toca do \u00cdndios) funciona como centro especializado de atendimento para Covid-19 de segunda \u00e0 sexta-feira, no hor\u00e1rio entre 8h e 17h.<\/p>\n<p>&nbsp;<\/p>\n<p><strong>Fonte: Decom &#8211; PMP<\/strong><\/p>\n<p>&nbsp;<\/p>\n","protected":false},"excerpt":{"rendered":"<p>Um idoso obeso, hipertenso e portador da doen\u00e7a de Alzheimer \u00e9 a 23\u00aa v\u00edtima da pandemia do novo coronav\u00edrus em Penedo. O paciente residia no bairro Senhor do Bonfim (popular Oiteiro) e tinha 60 anos. O registro do \u00f3bito confirmado pela Secretaria de Estado da Sa\u00fade foi inclu\u00eddo no boletim epidemiol\u00f3gico local de sexta-feira, 27. &hellip;<\/p>\n","protected":false},"author":1,"featured_media":11051,"comment_status":"open","ping_status":"open","sticky":false,"template":"","format":"standard","meta":{"_jetpack_newsletter_access":"","_jetpack_dont_email_post_to_subs":false,"_jetpack_newsletter_tier_id":0,"_jetpack_memberships_contains_paywalled_content":false,"_jetpack_memberships_contains_paid_content":false,"footnotes":""},"categories":[1],"tags":[],"class_list":["post-11050","post","type-post","status-publish","format-standard","has-post-thumbnail","hentry","category-destaque"],"jetpack_sharing_enabled":true,"jetpack_featured_media_url":"","_links":{"self":[{"href":"https:\/\/www.oparanews.com.br\/index.php\/wp-json\/wp\/v2\/posts\/11050","targetHints":{"allow":["GET"]}}],"collection":[{"href":"https:\/\/www.oparanews.com.br\/index.php\/wp-json\/wp\/v2\/posts"}],"about":[{"href":"https:\/\/www.oparanews.com.br\/index.php\/wp-json\/wp\/v2\/types\/post"}],"author":[{"embeddable":true,"href":"https:\/\/www.oparanews.com.br\/index.php\/wp-json\/wp\/v2\/users\/1"}],"replies":[{"embeddable":true,"href":"https:\/\/www.oparanews.com.br\/index.php\/wp-json\/wp\/v2\/comments?post=11050"}],"version-history":[{"count":0,"href":"https:\/\/www.oparanews.com.br\/index.php\/wp-json\/wp\/v2\/posts\/11050\/revisions"}],"wp:attachment":[{"href":"https:\/\/www.oparanews.com.br\/index.php\/wp-json\/wp\/v2\/media?parent=11050"}],"wp:term":[{"taxonomy":"category","embeddable":true,"href":"https:\/\/www.oparanews.com.br\/index.php\/wp-json\/wp\/v2\/categories?post=11050"},{"taxonomy":"post_tag","embeddable":true,"href":"https:\/\/www.oparanews.com.br\/index.php\/wp-json\/wp\/v2\/tags?post=11050"}],"curies":[{"name":"wp","href":"https:\/\/api.w.org\/{rel}","templated":true}]}}