{"id":11058,"date":"2020-12-01T00:57:56","date_gmt":"2020-12-01T00:57:56","guid":{"rendered":"https:\/\/oparanews.com.br\/?p=11058"},"modified":"2020-12-01T00:57:56","modified_gmt":"2020-12-01T00:57:56","slug":"pesquisadores-veem-forte-avanco-de-casos-da-covid-19-em-alagoas","status":"publish","type":"post","link":"https:\/\/www.oparanews.com.br\/index.php\/2020\/12\/01\/pesquisadores-veem-forte-avanco-de-casos-da-covid-19-em-alagoas\/","title":{"rendered":"Pesquisadores veem forte avan\u00e7o de casos da Covid-19 em Alagoas"},"content":{"rendered":"<p>Alagoas apresenta sinais de descontrole da transmiss\u00e3o do novo coronav\u00edrus, que pode causar aumento de novos casos e mortes por Covid-19 em todo o estado. A informa\u00e7\u00e3o \u00e9 do relat\u00f3rio do Observat\u00f3rio Alagoano de Pol\u00edticas P\u00fablicas para o Enfrentamento da Covid-19, da Universidade Federal de Alagoas (Ufal), divulgado nesta segunda-feira (30). Apesar na alta nos casos, o n\u00famero de \u00f3bitos continua em queda.<\/p>\n<p>Na 48\u00aa Semana Epidemiol\u00f3gica, de 22 a 28 de novembro, foram registrados 1.254 casos da doen\u00e7a, o que representa um aumento de 43% em rela\u00e7\u00e3o \u00e0 semana anterior.<\/p>\n<p>&#8220;[Os dados] demonstram o forte avan\u00e7o dos casos registrados ao longo da 48\u00aa semana epidemiol\u00f3gica (SE) em Alagoas, confirmando a tend\u00eancia de alta desenhada nas \u00faltimas semanas&#8221;, diz trecho do relat\u00f3rio.<\/p>\n<p>O coordenador do Observat\u00f3rio, Gabriel B\u00e1due, destacou a preocupa\u00e7\u00e3o dos pesquisadores em rela\u00e7\u00e3o a Macei\u00f3, especificamente.<\/p>\n<p>&#8220;O aumento de 43% no n\u00famero de novos casos no estado na 48\u00aa Semana Epidemiol\u00f3gica \u00e9 liderado por Macei\u00f3, que registrou um aumento de 54% neste mesmo per\u00edodo&#8221;, afirma o pesquisador.<\/p>\n<p>A alta em Macei\u00f3 \u00e9 resultado dos 477 casos registrados na \u00faltima semana.<\/p>\n<p>&#8220;Nossa maior preocupa\u00e7\u00e3o \u00e9 que esses aumentos sejam o in\u00edcio de uma segunda onda&#8221;, disse B\u00e1due.<\/p>\n<p><strong>Mortes em queda<\/strong><\/p>\n<p>Em rela\u00e7\u00e3o aos \u00f3bitos, o estado continua em tend\u00eancia de queda. Foram 20 mortes por Covid-19 na \u00faltima semana. Mas esses n\u00fameros sofrem altas e baixas, dependendo da regi\u00e3o analisada.<\/p>\n<p>Somente a capital est\u00e1 h\u00e1 sete semanas sem redu\u00e7\u00e3o e nem aumento no n\u00famero de \u00f3bitos.<\/p>\n<p><strong>Sinais de descontrole da transmiss\u00e3o<\/strong><\/p>\n<p>Os membros do Observat\u00f3rio alertam para mais indicadores que evidenciam o descontrole da transmiss\u00e3o do novo coronav\u00edrus em Alagoas. Os crit\u00e9rios s\u00e3o estabelecidos pelo Subcomit\u00ea de Epidemiologia ligado ao Comit\u00ea Cient\u00edfico do Cons\u00f3rcio Nordeste.<\/p>\n<p>Um dos ind\u00edcios \u00e9 o crescimento da incid\u00eancia de casos de S\u00edndrome Respirat\u00f3ria Aguda Grave nas \u00faltimas semanas em Alagoas. Outra evid\u00eancia \u00e9 a evolu\u00e7\u00e3o do N\u00famero Reprodutivo Efetivo (\ud835\udc45\ud835\udc61). Quando o \ud835\udc45\ud835\udc61 \u00e9 maior que um, indica aumento na transmiss\u00e3o. No dia 29 de novembro, o \ud835\udc45\ud835\udc61 no estado era de 1,22. A m\u00e9dia m\u00f3vel era de 1,09 na compara\u00e7\u00e3o com os 14 dias anteriores.<\/p>\n<p><strong>Redu\u00e7\u00e3o de leitos de Covid-19<\/strong><\/p>\n<p>Mesmo depois que o Estado desativou leitos exclusivos para pacientes com confirma\u00e7\u00e3o ou suspeita de infec\u00e7\u00e3o pelo novo coronav\u00edrus, n\u00e3o houve aumento significativo na ocupa\u00e7\u00e3o na \u00faltima semana, de acordo com o relat\u00f3rio do Observat\u00f3rio.<\/p>\n<p><strong>Casos suspeitos sobem novamente<\/strong><\/p>\n<p>O n\u00famero de casos suspeitos voltou a subir: foram registrados 2.536 casos \u00e0 espera de resultado de exames laboratoriais no boletim epidemiol\u00f3gico do dia 29 de novembro. Nesta segunda (30), os casos suspeitos subiram para 2.695.<\/p>\n<p>&nbsp;<\/p>\n<p><strong>Fonte: G1\/AL<\/strong><\/p>\n<p>&nbsp;<\/p>\n","protected":false},"excerpt":{"rendered":"<p>Alagoas apresenta sinais de descontrole da transmiss\u00e3o do novo coronav\u00edrus, que pode causar aumento de novos casos e mortes por Covid-19 em todo o estado. A informa\u00e7\u00e3o \u00e9 do relat\u00f3rio do Observat\u00f3rio Alagoano de Pol\u00edticas P\u00fablicas para o Enfrentamento da Covid-19, da Universidade Federal de Alagoas (Ufal), divulgado nesta segunda-feira (30). Apesar na alta nos &hellip;<\/p>\n","protected":false},"author":1,"featured_media":11059,"comment_status":"open","ping_status":"open","sticky":false,"template":"","format":"standard","meta":{"_jetpack_newsletter_access":"","_jetpack_dont_email_post_to_subs":false,"_jetpack_newsletter_tier_id":0,"_jetpack_memberships_contains_paywalled_content":false,"_jetpack_memberships_contains_paid_content":false,"footnotes":""},"categories":[1],"tags":[],"class_list":["post-11058","post","type-post","status-publish","format-standard","has-post-thumbnail","hentry","category-destaque"],"jetpack_sharing_enabled":true,"jetpack_featured_media_url":"","_links":{"self":[{"href":"https:\/\/www.oparanews.com.br\/index.php\/wp-json\/wp\/v2\/posts\/11058","targetHints":{"allow":["GET"]}}],"collection":[{"href":"https:\/\/www.oparanews.com.br\/index.php\/wp-json\/wp\/v2\/posts"}],"about":[{"href":"https:\/\/www.oparanews.com.br\/index.php\/wp-json\/wp\/v2\/types\/post"}],"author":[{"embeddable":true,"href":"https:\/\/www.oparanews.com.br\/index.php\/wp-json\/wp\/v2\/users\/1"}],"replies":[{"embeddable":true,"href":"https:\/\/www.oparanews.com.br\/index.php\/wp-json\/wp\/v2\/comments?post=11058"}],"version-history":[{"count":0,"href":"https:\/\/www.oparanews.com.br\/index.php\/wp-json\/wp\/v2\/posts\/11058\/revisions"}],"wp:attachment":[{"href":"https:\/\/www.oparanews.com.br\/index.php\/wp-json\/wp\/v2\/media?parent=11058"}],"wp:term":[{"taxonomy":"category","embeddable":true,"href":"https:\/\/www.oparanews.com.br\/index.php\/wp-json\/wp\/v2\/categories?post=11058"},{"taxonomy":"post_tag","embeddable":true,"href":"https:\/\/www.oparanews.com.br\/index.php\/wp-json\/wp\/v2\/tags?post=11058"}],"curies":[{"name":"wp","href":"https:\/\/api.w.org\/{rel}","templated":true}]}}