{"id":11064,"date":"2020-12-01T01:15:55","date_gmt":"2020-12-01T01:15:55","guid":{"rendered":"https:\/\/oparanews.com.br\/?p=11064"},"modified":"2020-12-01T01:15:55","modified_gmt":"2020-12-01T01:15:55","slug":"claudia-rodrigues-e-internada-as-pressas-em-hospital","status":"publish","type":"post","link":"https:\/\/www.oparanews.com.br\/index.php\/2020\/12\/01\/claudia-rodrigues-e-internada-as-pressas-em-hospital\/","title":{"rendered":"Claudia Rodrigues \u00e9 internada \u00e0s pressas em hospital"},"content":{"rendered":"<p>Claudia Rodrigues precisou ser internada \u00e0s pressas no Hospital Israelita Albert Einstein, em S\u00e3o Paulo, no \u00faltimo domingo (29), ap\u00f3s passar muito mal.<\/p>\n<p>Para o programa \u2018Melhor da Tarde\u2019, da Band, Adriana Bonato, assessoria da atriz, contou que Rodrigues est\u00e1 em um estado grave e delicado.<\/p>\n<p>O motivo da interna\u00e7\u00e3o de Claudia \u00e9 a esclerose m\u00faltipla, uma doen\u00e7a neurol\u00f3gica e autoimune da qual ela luta desde 2000. Devido ao quadro cl\u00ednico, a artista precisou se afastar da televis\u00e3o e faz acompanhamento m\u00e9dico para conter o avan\u00e7o e sequelas.<\/p>\n<p>&nbsp;<\/p>\n<p><strong>Fonte: ISTO\u00c9<\/strong><\/p>\n<p>&nbsp;<\/p>\n","protected":false},"excerpt":{"rendered":"<p>Claudia Rodrigues precisou ser internada \u00e0s pressas no Hospital Israelita Albert Einstein, em S\u00e3o Paulo, no \u00faltimo domingo (29), ap\u00f3s passar muito mal. Para o programa \u2018Melhor da Tarde\u2019, da Band, Adriana Bonato, assessoria da atriz, contou que Rodrigues est\u00e1 em um estado grave e delicado. O motivo da interna\u00e7\u00e3o de Claudia \u00e9 a esclerose &hellip;<\/p>\n","protected":false},"author":1,"featured_media":11065,"comment_status":"open","ping_status":"open","sticky":false,"template":"","format":"standard","meta":{"_jetpack_newsletter_access":"","_jetpack_dont_email_post_to_subs":false,"_jetpack_newsletter_tier_id":0,"_jetpack_memberships_contains_paywalled_content":false,"_jetpack_memberships_contains_paid_content":false,"footnotes":""},"categories":[1],"tags":[],"class_list":["post-11064","post","type-post","status-publish","format-standard","has-post-thumbnail","hentry","category-destaque"],"jetpack_sharing_enabled":true,"jetpack_featured_media_url":"","_links":{"self":[{"href":"https:\/\/www.oparanews.com.br\/index.php\/wp-json\/wp\/v2\/posts\/11064","targetHints":{"allow":["GET"]}}],"collection":[{"href":"https:\/\/www.oparanews.com.br\/index.php\/wp-json\/wp\/v2\/posts"}],"about":[{"href":"https:\/\/www.oparanews.com.br\/index.php\/wp-json\/wp\/v2\/types\/post"}],"author":[{"embeddable":true,"href":"https:\/\/www.oparanews.com.br\/index.php\/wp-json\/wp\/v2\/users\/1"}],"replies":[{"embeddable":true,"href":"https:\/\/www.oparanews.com.br\/index.php\/wp-json\/wp\/v2\/comments?post=11064"}],"version-history":[{"count":0,"href":"https:\/\/www.oparanews.com.br\/index.php\/wp-json\/wp\/v2\/posts\/11064\/revisions"}],"wp:attachment":[{"href":"https:\/\/www.oparanews.com.br\/index.php\/wp-json\/wp\/v2\/media?parent=11064"}],"wp:term":[{"taxonomy":"category","embeddable":true,"href":"https:\/\/www.oparanews.com.br\/index.php\/wp-json\/wp\/v2\/categories?post=11064"},{"taxonomy":"post_tag","embeddable":true,"href":"https:\/\/www.oparanews.com.br\/index.php\/wp-json\/wp\/v2\/tags?post=11064"}],"curies":[{"name":"wp","href":"https:\/\/api.w.org\/{rel}","templated":true}]}}