{"id":11073,"date":"2020-12-01T14:09:55","date_gmt":"2020-12-01T14:09:55","guid":{"rendered":"https:\/\/oparanews.com.br\/?p=11073"},"modified":"2020-12-01T14:09:55","modified_gmt":"2020-12-01T14:09:55","slug":"penedo-registra-1-629-casos-do-novo-coronavirus","status":"publish","type":"post","link":"https:\/\/www.oparanews.com.br\/index.php\/2020\/12\/01\/penedo-registra-1-629-casos-do-novo-coronavirus\/","title":{"rendered":"Penedo registra 1.629 casos do novo Coronav\u00edrus"},"content":{"rendered":"<p><a href=\"https:\/\/oparanews.com.br\/wp-content\/uploads\/2020\/12\/Sem-t\u00edtulo-5.jpg\"><img loading=\"lazy\" decoding=\"async\" class=\"alignleft size-medium wp-image-11074\" src=\"https:\/\/oparanews.com.br\/wp-content\/uploads\/2020\/12\/Sem-t\u00edtulo-5-273x300.jpg\" alt=\"\" width=\"273\" height=\"300\" data-wp-editing=\"1\" \/><\/a>A Secretaria de Sa\u00fade de Penedo divulgou nesta segunda-feira, 30 de novembro, a atualiza\u00e7\u00e3o dos dados referentes a pandemia de Covid-19 no munic\u00edpio.<\/p>\n<p>De acordo com os novos n\u00fameros, Penedo tem 40 pessoas monitoradas, 02 casos suspeitos, 1498 casos descartados e 23 \u00f3bitos provocados por Covid-19.<\/p>\n<p>A quantidade de casos confirmados desde o in\u00edcio da doen\u00e7a \u00e9 1629, com 1570 pessoas consideradas curadas ap\u00f3s receberem alta m\u00e9dica.<\/p>\n<p><strong>Casos por localidade<\/strong><\/p>\n<p>De acordo com os dados da SEMS Penedo, o Bairro Dom Constantino concentra o maior n\u00famero de casos, desde o come\u00e7o da contabiliza\u00e7\u00e3o com 498, seguido pelo Bairro Santa Luzia com 273 e o Centro da cidade com 239.<\/p>\n<p><a href=\"https:\/\/oparanews.com.br\/wp-content\/uploads\/2020\/12\/Sem-t\u00edtulo-7.jpg\"><img loading=\"lazy\" decoding=\"async\" class=\"aligncenter size-full wp-image-11076\" src=\"https:\/\/oparanews.com.br\/wp-content\/uploads\/2020\/12\/Sem-t\u00edtulo-7.jpg\" alt=\"\" width=\"931\" height=\"1024\" \/><\/a><\/p>\n<p>Na zona rural a maior quantidade est\u00e1 na Cooperativa, \u00e1rea que inclui os dois n\u00facleos do povoamento, com 52 casos, seguido pelo Tabuleiro dos Negros com 47 e a Palmeira Alta com 36 casos.<\/p>\n<p>&nbsp;<\/p>\n<p><strong>Fonte: Decom &#8211; PMP<\/strong><\/p>\n<p>&nbsp;<\/p>\n","protected":false},"excerpt":{"rendered":"<p>A Secretaria de Sa\u00fade de Penedo divulgou nesta segunda-feira, 30 de novembro, a atualiza\u00e7\u00e3o dos dados referentes a pandemia de Covid-19 no munic\u00edpio. De acordo com os novos n\u00fameros, Penedo tem 40 pessoas monitoradas, 02 casos suspeitos, 1498 casos descartados e 23 \u00f3bitos provocados por Covid-19. A quantidade de casos confirmados desde o in\u00edcio da &hellip;<\/p>\n","protected":false},"author":1,"featured_media":11075,"comment_status":"open","ping_status":"open","sticky":false,"template":"","format":"standard","meta":{"_jetpack_newsletter_access":"","_jetpack_dont_email_post_to_subs":false,"_jetpack_newsletter_tier_id":0,"_jetpack_memberships_contains_paywalled_content":false,"_jetpack_memberships_contains_paid_content":false,"footnotes":""},"categories":[1],"tags":[],"class_list":["post-11073","post","type-post","status-publish","format-standard","has-post-thumbnail","hentry","category-destaque"],"jetpack_sharing_enabled":true,"jetpack_featured_media_url":"","_links":{"self":[{"href":"https:\/\/www.oparanews.com.br\/index.php\/wp-json\/wp\/v2\/posts\/11073","targetHints":{"allow":["GET"]}}],"collection":[{"href":"https:\/\/www.oparanews.com.br\/index.php\/wp-json\/wp\/v2\/posts"}],"about":[{"href":"https:\/\/www.oparanews.com.br\/index.php\/wp-json\/wp\/v2\/types\/post"}],"author":[{"embeddable":true,"href":"https:\/\/www.oparanews.com.br\/index.php\/wp-json\/wp\/v2\/users\/1"}],"replies":[{"embeddable":true,"href":"https:\/\/www.oparanews.com.br\/index.php\/wp-json\/wp\/v2\/comments?post=11073"}],"version-history":[{"count":0,"href":"https:\/\/www.oparanews.com.br\/index.php\/wp-json\/wp\/v2\/posts\/11073\/revisions"}],"wp:attachment":[{"href":"https:\/\/www.oparanews.com.br\/index.php\/wp-json\/wp\/v2\/media?parent=11073"}],"wp:term":[{"taxonomy":"category","embeddable":true,"href":"https:\/\/www.oparanews.com.br\/index.php\/wp-json\/wp\/v2\/categories?post=11073"},{"taxonomy":"post_tag","embeddable":true,"href":"https:\/\/www.oparanews.com.br\/index.php\/wp-json\/wp\/v2\/tags?post=11073"}],"curies":[{"name":"wp","href":"https:\/\/api.w.org\/{rel}","templated":true}]}}